{"id":90031,"date":"2016-10-03T22:03:57","date_gmt":"2016-10-03T19:03:57","guid":{"rendered":"http:\/\/www.sana.sy\/tr\/?p=90031"},"modified":"2016-10-04T09:24:17","modified_gmt":"2016-10-04T06:24:17","slug":"hasekede-dugun-salonunda-bombali-teror-eylemi","status":"publish","type":"post","link":"https:\/\/archive.sana.sy\/tr\/?p=90031","title":{"rendered":"Haseke\u2019de D\u00fc\u011f\u00fcn Salonunda Bombal\u0131 Ter\u00f6r Eylemi"},"content":{"rendered":"<p>HASEKE \u2013 Eli kanl\u0131 ter\u00f6ristler Haseke\u2019de Kam\u0131\u015fl\u0131 yolu \u00fczerinde yer alan Safiye K\u00f6y\u00fc yak\u0131n\u0131ndaki Senabil D\u00fc\u011f\u00fcn salonunu d\u00fc\u011f\u00fcn esnas\u0131nda havaya u\u00e7urdu.<\/p>\n<p>SANA\u2019n\u0131n Haseke muhabiri ter\u00f6ristlerin d\u00fc\u011f\u00fcn esnas\u0131nda intihar kemeyi giyen iki canl\u0131 bomban\u0131n kendilerini kalabal\u0131\u011f\u0131n ortas\u0131nda kendilerini havaya u\u00e7urduklar\u0131n\u0131 aktard\u0131. Muhabir gaddar ter\u00f6r vah\u015fetinde 30 ki\u015finin \u015fehit, 90 ki\u015finin de yaral\u0131 d\u00fc\u015ft\u00fcklerini belirtirken, yaral\u0131lar\u0131n bir k\u0131sm\u0131n\u0131n a\u011f\u0131r olmas\u0131yla \u015fehit say\u0131s\u0131n\u0131n artma ihtimaline dikkat \u00e7ekti.<\/p>\n<p>Muhabir yaral\u0131lar\u0131n aras\u0131nda olay yerine yak\u0131n bulunan SANA muhabiri Haval \u0130sa\u2019n\u0131n da bulundu\u011funu belirtirken, gerekli t\u0131bbi m\u00fcdahalenin yap\u0131lmas\u0131 ard\u0131ndan \u0130sa\u2019n\u0131n durumunun kontrol alt\u0131nda oldu\u011funu aktard\u0131.<\/p>\n<div id='gallery-1' class='gallery galleryid-90031 gallery-columns-2 gallery-size-thumbnail'><figure class='gallery-item'>\n\t\t\t<div class='gallery-icon landscape'>\n\t\t\t\t<a href='https:\/\/archive.sana.sy\/tr\/wp-content\/uploads\/2016\/10\/bomba-1.jpg'><img loading=\"lazy\" decoding=\"async\" width=\"150\" height=\"91\" src=\"https:\/\/archive.sana.sy\/tr\/wp-content\/uploads\/2016\/10\/bomba-1-150x91.jpg\" class=\"attachment-thumbnail size-thumbnail\" alt=\"\" srcset=\"https:\/\/archive.sana.sy\/tr\/wp-content\/uploads\/2016\/10\/bomba-1-150x91.jpg 150w, https:\/\/archive.sana.sy\/tr\/wp-content\/uploads\/2016\/10\/bomba-1-300x182.jpg 300w, https:\/\/archive.sana.sy\/tr\/wp-content\/uploads\/2016\/10\/bomba-1-768x466.jpg 768w, https:\/\/archive.sana.sy\/tr\/wp-content\/uploads\/2016\/10\/bomba-1-1024x621.jpg 1024w\" sizes=\"auto, (max-width: 150px) 100vw, 150px\" \/><\/a>\n\t\t\t<\/div><\/figure><figure class='gallery-item'>\n\t\t\t<div class='gallery-icon landscape'>\n\t\t\t\t<a href='https:\/\/archive.sana.sy\/tr\/wp-content\/uploads\/2016\/10\/bomba-2.jpg'><img loading=\"lazy\" decoding=\"async\" width=\"150\" height=\"100\" src=\"https:\/\/archive.sana.sy\/tr\/wp-content\/uploads\/2016\/10\/bomba-2-150x100.jpg\" class=\"attachment-thumbnail size-thumbnail\" alt=\"\" srcset=\"https:\/\/archive.sana.sy\/tr\/wp-content\/uploads\/2016\/10\/bomba-2-150x100.jpg 150w, https:\/\/archive.sana.sy\/tr\/wp-content\/uploads\/2016\/10\/bomba-2-300x200.jpg 300w, https:\/\/archive.sana.sy\/tr\/wp-content\/uploads\/2016\/10\/bomba-2-768x511.jpg 768w, https:\/\/archive.sana.sy\/tr\/wp-content\/uploads\/2016\/10\/bomba-2-1024x681.jpg 1024w, https:\/\/archive.sana.sy\/tr\/wp-content\/uploads\/2016\/10\/bomba-2-310x205.jpg 310w\" sizes=\"auto, (max-width: 150px) 100vw, 150px\" \/><\/a>\n\t\t\t<\/div><\/figure><figure class='gallery-item'>\n\t\t\t<div class='gallery-icon landscape'>\n\t\t\t\t<a href='https:\/\/archive.sana.sy\/tr\/wp-content\/uploads\/2016\/10\/bomba-3.jpg'><img loading=\"lazy\" decoding=\"async\" width=\"150\" height=\"100\" src=\"https:\/\/archive.sana.sy\/tr\/wp-content\/uploads\/2016\/10\/bomba-3-150x100.jpg\" class=\"attachment-thumbnail size-thumbnail\" alt=\"\" srcset=\"https:\/\/archive.sana.sy\/tr\/wp-content\/uploads\/2016\/10\/bomba-3-150x100.jpg 150w, https:\/\/archive.sana.sy\/tr\/wp-content\/uploads\/2016\/10\/bomba-3-300x200.jpg 300w, https:\/\/archive.sana.sy\/tr\/wp-content\/uploads\/2016\/10\/bomba-3-768x511.jpg 768w, https:\/\/archive.sana.sy\/tr\/wp-content\/uploads\/2016\/10\/bomba-3-1024x681.jpg 1024w, https:\/\/archive.sana.sy\/tr\/wp-content\/uploads\/2016\/10\/bomba-3-310x205.jpg 310w\" sizes=\"auto, (max-width: 150px) 100vw, 150px\" \/><\/a>\n\t\t\t<\/div><\/figure><figure class='gallery-item'>\n\t\t\t<div class='gallery-icon landscape'>\n\t\t\t\t<a href='https:\/\/archive.sana.sy\/tr\/wp-content\/uploads\/2016\/10\/bomba-4.jpg'><img loading=\"lazy\" decoding=\"async\" width=\"150\" height=\"84\" src=\"https:\/\/archive.sana.sy\/tr\/wp-content\/uploads\/2016\/10\/bomba-4-150x84.jpg\" class=\"attachment-thumbnail size-thumbnail\" alt=\"\" srcset=\"https:\/\/archive.sana.sy\/tr\/wp-content\/uploads\/2016\/10\/bomba-4-150x84.jpg 150w, https:\/\/archive.sana.sy\/tr\/wp-content\/uploads\/2016\/10\/bomba-4-300x169.jpg 300w, https:\/\/archive.sana.sy\/tr\/wp-content\/uploads\/2016\/10\/bomba-4-768x431.jpg 768w, https:\/\/archive.sana.sy\/tr\/wp-content\/uploads\/2016\/10\/bomba-4-1024x575.jpg 1024w\" sizes=\"auto, (max-width: 150px) 100vw, 150px\" \/><\/a>\n\t\t\t<\/div><\/figure>\n\t\t<\/div>\n\n","protected":false},"excerpt":{"rendered":"<p>HASEKE \u2013 Eli kanl\u0131 ter\u00f6ristler Haseke\u2019de Kam\u0131\u015fl\u0131 yolu \u00fczerinde yer alan Safiye K\u00f6y\u00fc yak\u0131n\u0131ndaki Senabil D\u00fc\u011f\u00fcn salonunu d\u00fc\u011f\u00fcn esnas\u0131nda havaya u\u00e7urdu. SANA\u2019n\u0131n Haseke muhabiri ter\u00f6ristlerin d\u00fc\u011f\u00fcn esnas\u0131nda intihar kemeyi giyen iki canl\u0131 bomban\u0131n kendilerini kalabal\u0131\u011f\u0131n ortas\u0131nda kendilerini havaya u\u00e7urduklar\u0131n\u0131 aktard\u0131. Muhabir gaddar ter\u00f6r vah\u015fetinde 30 ki\u015finin \u015fehit, 90 ki\u015finin de yaral\u0131 d\u00fc\u015ft\u00fcklerini belirtirken, yaral\u0131lar\u0131n bir &hellip;<\/p>\n","protected":false},"author":1,"featured_media":90034,"comment_status":"closed","ping_status":"closed","sticky":false,"template":"","format":"standard","meta":{"footnotes":""},"categories":[596,479,575,17988,478],"tags":[1140,24392,24393],"class_list":["post-90031","post","type-post","status-publish","format-standard","has-post-thumbnail","","category-fotografli-raporlar","category-haberler-yerel","category-olaylar-ve-gercekler","category-son-haberler","category-yerel","tag-haseke","tag-hasekede-dugun-salonunda-bombali-teror-eylemi","tag-safiye-koyu-yakinindaki-senabil-dugun-salonunu"],"_links":{"self":[{"href":"https:\/\/archive.sana.sy\/tr\/index.php?rest_route=\/wp\/v2\/posts\/90031","targetHints":{"allow":["GET"]}}],"collection":[{"href":"https:\/\/archive.sana.sy\/tr\/index.php?rest_route=\/wp\/v2\/posts"}],"about":[{"href":"https:\/\/archive.sana.sy\/tr\/index.php?rest_route=\/wp\/v2\/types\/post"}],"author":[{"embeddable":true,"href":"https:\/\/archive.sana.sy\/tr\/index.php?rest_route=\/wp\/v2\/users\/1"}],"replies":[{"embeddable":true,"href":"https:\/\/archive.sana.sy\/tr\/index.php?rest_route=%2Fwp%2Fv2%2Fcomments&post=90031"}],"version-history":[{"count":0,"href":"https:\/\/archive.sana.sy\/tr\/index.php?rest_route=\/wp\/v2\/posts\/90031\/revisions"}],"wp:featuredmedia":[{"embeddable":true,"href":"https:\/\/archive.sana.sy\/tr\/index.php?rest_route=\/wp\/v2\/media\/90034"}],"wp:attachment":[{"href":"https:\/\/archive.sana.sy\/tr\/index.php?rest_route=%2Fwp%2Fv2%2Fmedia&parent=90031"}],"wp:term":[{"taxonomy":"category","embeddable":true,"href":"https:\/\/archive.sana.sy\/tr\/index.php?rest_route=%2Fwp%2Fv2%2Fcategories&post=90031"},{"taxonomy":"post_tag","embeddable":true,"href":"https:\/\/archive.sana.sy\/tr\/index.php?rest_route=%2Fwp%2Fv2%2Ftags&post=90031"}],"curies":[{"name":"wp","href":"https:\/\/api.w.org\/{rel}","templated":true}]}}