{"id":9022,"date":"2014-09-03T23:42:09","date_gmt":"2014-09-03T20:42:09","guid":{"rendered":"http:\/\/www.sana.sy\/tr\/?p=9022"},"modified":"2014-09-04T02:24:33","modified_gmt":"2014-09-03T23:24:33","slug":"uluslararasi-toplumun-varligini-ve-tehlikesini-ikrar-ettigi-terore-karsi-mucadele-politikasi-belirlenmelidir","status":"publish","type":"post","link":"https:\/\/archive.sana.sy\/tr\/?p=9022","title":{"rendered":"Uluslararas\u0131 Toplumun Varl\u0131\u011f\u0131n\u0131 ve Tehlikesini \u0130krar Etti\u011fi Ter\u00f6re Kar\u015f\u0131 M\u00fccadele Politikas\u0131 Belirlenmelidir"},"content":{"rendered":"<p>\u015eAM \u2013 Ulusal Uzla\u015fma \u0130\u015flerinden Sorumlu Devlet Bakan\u0131 Ali Haydar bug\u00fcn Birle\u015fmi\u015f Milletler Genel Sekreteri \u00f6zel temsilcisinin ofis m\u00fcd\u00fcr\u00fc Martin Griffith ile g\u00f6r\u00fc\u015fmesinde; ter\u00f6r\u00fcn varl\u0131\u011f\u0131 ve te\u015fkil etti\u011fi tehlikeye uluslar aras\u0131 itiraf g\u00f6lgesinde bu ter\u00f6re kar\u015f\u0131 m\u00fccadelede uluslar aras\u0131 a\u00e7\u0131k, net ve kararl\u0131 bir politika belirlenmesi gere\u011finin alt\u0131n\u0131 \u00e7izdi.<\/p>\n<p>Bakan Haydar; ulusal uzla\u015fma ve diyalogun ba\u015far\u0131l\u0131 olmas\u0131n\u0131 garantilemek i\u00e7in bu politikan\u0131n gere\u011fine dikkat \u00e7ekti.<\/p>\n<p>Avrupal\u0131lar\u0131n Suriye&#8217;nin tarihi, medeni ve k\u00fclt\u00fcrel zenginlik ve derinli\u011fini idrak etmeleri gere\u011fini vurgulayan Haydar; Avrupal\u0131lar\u0131n ayn\u0131 zamanda Suriye&#8217;nin Avrupa\u2019n\u0131n k\u00fclt\u00fcrel ve medeni sa\u011flam duvar\u0131n\u0131 olu\u015fturdu\u011funu, Suriye&#8217;nin g\u00fcc\u00fcn\u00fcn de Avrupa\u2019y\u0131 korudu\u011funu bilmeleri gerekti\u011fini ifade etti.<\/p>\n<p>Mevcut s\u00fcre\u00e7 i\u00e7inde diyaloga zemin haz\u0131rlayacak ger\u00e7ek\u00e7i bir ortam haz\u0131rlama \u00fczerine odaklan\u0131ld\u0131\u011f\u0131n\u0131 ifade eden Haydar; fakat bu diyalogun start tarihi, kimin kat\u0131laca\u011f\u0131 veya kimin y\u00f6netece\u011fi konusunda hen\u00fcz nihai bir anla\u015fman\u0131n sa\u011flanmad\u0131\u011f\u0131n\u0131 s\u00f6yledi. Haydar her \u015feye ra\u011fmen gelecekte diyaloga haz\u0131r olmalar\u0131 i\u00e7in ulusal uzla\u015fma \u00e7abalar\u0131n\u0131n istisnas\u0131z t\u00fcm b\u00f6lgeleri, kesimleri ve bile\u015fenleri kapsamas\u0131 gere\u011finin alt\u0131n\u0131 \u00e7izdi.<br \/>\nHaydar baz\u0131 b\u00f6lgelere ula\u015fmakla birlikte ulusal uzla\u015fma ve diyalogun peki\u015ftirilmesinde BM \u00f6zel temsilcisinin yap\u0131c\u0131 ve siyasi bir rol oynamas\u0131 gerekti\u011fini ifade etti.<\/p>\n<p>G\u00f6r\u00fc\u015fmede Griffith ulusal uzla\u015fma ve siyasi s\u00fcre\u00e7 ba\u015far\u0131s\u0131n\u0131 garantileyecek gelece\u011fe d\u00f6n\u00fck bir mekanizman\u0131n yan\u0131 s\u0131ra diyalog kat\u0131l\u0131m\u0131 ve idaresine ili\u015fkin bir mekanizman\u0131n belirlenmesi gere\u011fine dikkat \u00e7ekerken, uzla\u015fman\u0131n sa\u011flanmas\u0131 halinde bu s\u00fcreci tan\u0131tma ve destekleme \u00e7al\u0131\u015fmalar\u0131n\u0131n olabilece\u011fini s\u00f6yledi.<\/p>\n<p>G\u00f6r\u00fc\u015fme ard\u0131ndan bas\u0131na a\u00e7\u0131klama yapan Bakan Haydar ter\u00f6rle m\u00fccadelenin Suriye ve uluslar aras\u0131 toplumun \u00f6nceli\u011fi oldu\u011funa i\u015faret ederken; bu ba\u011flamda ortak bir proje i\u00e7in mekanizma belirleme gere\u011fini vurgulad\u0131.<\/p>\n<p>Haydar ter\u00f6rle m\u00fccadele konusunda Suriye&#8217;nin i\u00e7i\u015flerine m\u00fcdahale bahanesi olmamas\u0131 ko\u015fulu alt\u0131nda Suriye ile BM aras\u0131nda gelece\u011fe ili\u015fkin i\u015fbirli\u011fi noktalar\u0131 \u00fczerine anla\u015fman\u0131n mevcut oldu\u011funu belirtti.<\/p>\n<p><span style=\"color: #0000ff\">Halksal Giri\u015fimlerden Faydalanmak \u0130\u00e7in S\u00fcre\u00e7 Daha Uygundur<\/span><\/p>\n<p><a href=\"http:\/\/www.sana.sy\/tr\/wp-content\/uploads\/2014\/09\/Ali-Haydar-2.jpg\"><img loading=\"lazy\" decoding=\"async\" class=\"alignright wp-image-9024 size-medium\" src=\"http:\/\/www.sana.sy\/tr\/wp-content\/uploads\/2014\/09\/Ali-Haydar-2-300x202.jpg\" alt=\"Ali Haydar 2\" width=\"300\" height=\"202\" srcset=\"https:\/\/archive.sana.sy\/tr\/wp-content\/uploads\/2014\/09\/Ali-Haydar-2-300x202.jpg 300w, https:\/\/archive.sana.sy\/tr\/wp-content\/uploads\/2014\/09\/Ali-Haydar-2-150x101.jpg 150w, https:\/\/archive.sana.sy\/tr\/wp-content\/uploads\/2014\/09\/Ali-Haydar-2-1024x692.jpg 1024w\" sizes=\"auto, (max-width: 300px) 100vw, 300px\" \/><\/a>\u00d6te yandan Halksal Uzla\u015fma Merkez Komitesi \u00fcyeleriyle bug\u00fcn bir araya gelen Bakan Haydar; \u2018Suriye&#8217;de \u00e7\u00f6z\u00fcm\u00fcn; ter\u00f6rle m\u00fccadeleyle birlikte ulusal uzla\u015fma ve diyalog yolundan ge\u00e7ti\u011fini\u2019 belirten yeni bir uluslar aras\u0131 atmosferin mevcut olmas\u0131yla bu s\u00fcre\u00e7 i\u00e7inde halksal giri\u015fimlerden ve ulusal uzla\u015fma \u00e7abalar\u0131ndan faydalanman\u0131n her zamandan daha uygun oldu\u011funu belirtti.<\/p>\n<p>Haydar halksal ve sivil giri\u015fimlerin ulusal uzla\u015fmalarda resmi \u00e7abalardan bir nevi daha olumlu sonu\u00e7lar verme ihtimaline dikkat \u00e7ekerek, bu y\u00f6ndeki \u00e7abalar\u0131n t\u00fcm yurtseverlere a\u00e7\u0131k oldu\u011funu ve bakanl\u0131k taraf\u0131ndan desteklendi\u011fini ifade etti.<\/p>\n<p>G\u00f6r\u00fc\u015fmede yurt genelinde bulunduklar\u0131 \u00e7al\u0131\u015fmalar ve kar\u015f\u0131la\u015ft\u0131klar\u0131 zorluklara \u0131\u015f\u0131k tutan komite \u00fcyeleri, \u00f6n\u00fcm\u00fczdeki s\u00fcre\u00e7 i\u00e7inde yapacaklar\u0131 \u00e7al\u0131\u015fmalara ili\u015fkin yeni mekanizmalar hakk\u0131nda bilgi aktard\u0131lar.<\/p>\n<p><span style=\"color: #0000ff\">Ulusal Uzla\u015fmalar\u0131n S\u00fcrd\u00fcr\u00fclebilirli\u011fini Garantilemek Gerekiyor<\/span><\/p>\n<p>Ulusalc\u0131 Viam (Uyumluluk)\u00a0 Forumundan bir komite ile bir araya gelen Haydar; muhtelif b\u00f6lgelerde sa\u011flanan ulusal uzla\u015fmalar\u0131n ba\u015far\u0131lar\u0131na dikkat \u00e7ekerken, bu ba\u015far\u0131lar\u0131n s\u00fcrd\u00fcr\u00fclebilirli\u011fini garantileyecek icraatlar alma gere\u011finin alt\u0131n\u0131 \u00e7izdi.<\/p>\n<p>G\u00f6r\u00fc\u015fmede Forum Ba\u015fkan\u0131 Abd\u00fcrrahman Arrabi; \u015eam k\u0131rsal\u0131nda bulunduklar\u0131 t\u00fcm ulusal uzla\u015fma \u00e7al\u0131\u015fmalar\u0131n\u0131n sivil toplum ve halk faaliyetleri ile i\u015fbirli\u011fi i\u00e7inde d\u00fcr\u00fcst ve \u015feffaf bir \u015fekilde y\u00fcr\u00fct\u00fcld\u00fc\u011f\u00fcn\u00fc belirtti.<\/p>\n","protected":false},"excerpt":{"rendered":"<p>\u015eAM \u2013 Ulusal Uzla\u015fma \u0130\u015flerinden Sorumlu Devlet Bakan\u0131 Ali Haydar bug\u00fcn Birle\u015fmi\u015f Milletler Genel Sekreteri \u00f6zel temsilcisinin ofis m\u00fcd\u00fcr\u00fc Martin Griffith ile g\u00f6r\u00fc\u015fmesinde; ter\u00f6r\u00fcn varl\u0131\u011f\u0131 ve te\u015fkil etti\u011fi tehlikeye uluslar aras\u0131 itiraf g\u00f6lgesinde bu ter\u00f6re kar\u015f\u0131 m\u00fccadelede uluslar aras\u0131 a\u00e7\u0131k, net ve kararl\u0131 bir politika belirlenmesi gere\u011finin alt\u0131n\u0131 \u00e7izdi. Bakan Haydar; ulusal uzla\u015fma ve diyalogun &hellip;<\/p>\n","protected":false},"author":1,"featured_media":9023,"comment_status":"closed","ping_status":"closed","sticky":false,"template":"","format":"standard","meta":{"footnotes":""},"categories":[479,447,478],"tags":[2032],"class_list":["post-9022","post","type-post","status-publish","format-standard","has-post-thumbnail","","category-haberler-yerel","category-politika","category-yerel","tag-uluslararasi-toplumun-varligini-ve-tehlikesini-ikrar-ettigi-terore-karsi-mucadele-politikasi-belirlenmelidir"],"_links":{"self":[{"href":"https:\/\/archive.sana.sy\/tr\/index.php?rest_route=\/wp\/v2\/posts\/9022","targetHints":{"allow":["GET"]}}],"collection":[{"href":"https:\/\/archive.sana.sy\/tr\/index.php?rest_route=\/wp\/v2\/posts"}],"about":[{"href":"https:\/\/archive.sana.sy\/tr\/index.php?rest_route=\/wp\/v2\/types\/post"}],"author":[{"embeddable":true,"href":"https:\/\/archive.sana.sy\/tr\/index.php?rest_route=\/wp\/v2\/users\/1"}],"replies":[{"embeddable":true,"href":"https:\/\/archive.sana.sy\/tr\/index.php?rest_route=%2Fwp%2Fv2%2Fcomments&post=9022"}],"version-history":[{"count":0,"href":"https:\/\/archive.sana.sy\/tr\/index.php?rest_route=\/wp\/v2\/posts\/9022\/revisions"}],"wp:featuredmedia":[{"embeddable":true,"href":"https:\/\/archive.sana.sy\/tr\/index.php?rest_route=\/wp\/v2\/media\/9023"}],"wp:attachment":[{"href":"https:\/\/archive.sana.sy\/tr\/index.php?rest_route=%2Fwp%2Fv2%2Fmedia&parent=9022"}],"wp:term":[{"taxonomy":"category","embeddable":true,"href":"https:\/\/archive.sana.sy\/tr\/index.php?rest_route=%2Fwp%2Fv2%2Fcategories&post=9022"},{"taxonomy":"post_tag","embeddable":true,"href":"https:\/\/archive.sana.sy\/tr\/index.php?rest_route=%2Fwp%2Fv2%2Ftags&post=9022"}],"curies":[{"name":"wp","href":"https:\/\/api.w.org\/{rel}","templated":true}]}}