{"id":9026,"date":"2014-09-03T19:18:15","date_gmt":"2014-09-03T16:18:15","guid":{"rendered":"http:\/\/www.sana.sy\/tr\/?p=9026"},"modified":"2014-09-04T02:20:14","modified_gmt":"2014-09-03T23:20:14","slug":"sanayide-hasar-miktari-225-milyar-lira","status":"publish","type":"post","link":"https:\/\/archive.sana.sy\/tr\/?p=9026","title":{"rendered":"Sanayide Hasar Miktar\u0131 225 Milyar Lira"},"content":{"rendered":"<p>\u015eAM \u2013 Sanayi Bakanl\u0131\u011f\u0131 Suriye&#8217;de krizin ba\u015f\u0131ndan ge\u00e7en Temmuz ay\u0131n\u0131n sonuna dek silahl\u0131 ter\u00f6r \u00f6rg\u00fctlerinin bulunduklar\u0131 sabotaj eylemleri ve Suriyey uygulanan ekonomik yapt\u0131r\u0131mlar neticesinde kurumlar\u0131n\u0131n u\u011frad\u0131\u011f\u0131 maddi hasar\u0131n 225 milyar Suriye liras\u0131 oldu\u011funu ifade etti.<\/p>\n<p>Bakanl\u0131k bug\u00fcn yay\u0131nlad\u0131\u011f\u0131 ve SANA\u2019n\u0131n bir n\u00fcshas\u0131n\u0131 ald\u0131\u011f\u0131 raporunda bakanl\u0131\u011fa tabi kurum ve \u015firketlerin direk olarak 108.550, dolayl\u0131 olarak da 116.803 milyar lira oldu\u011funu a\u00e7\u0131klad\u0131.<\/p>\n<p>Raporda kimya sanayisinin 60.713 milyar, pamuk \u00e7\u0131r\u00e7\u0131r ve pazarlama kurumlar\u0131n\u0131n 53.6678 milyar, t\u00fct\u00fcn kurumlar\u0131n\u0131n 18.310 milyar, \u00e7imento \u015firketlerinin 31.293 milyar, m\u00fchendislik sanayi kurumlar\u0131n\u0131n 19.132 milyar, tekstil kurumlar\u0131n\u0131n 23.974 milyar, g\u0131da kurumlar\u0131n\u0131n 11.4 milyar, \u015feker kurumlar\u0131n\u0131n 7 milyar oldu\u011fu ifade edilirken, geriye kalan hasar miktar\u0131n\u0131n bakanl\u0131\u011fa tabi di\u011fer sanayi kurular\u0131nda meydana geldi\u011fi belirtildi.<\/p>\n","protected":false},"excerpt":{"rendered":"<p>\u015eAM \u2013 Sanayi Bakanl\u0131\u011f\u0131 Suriye&#8217;de krizin ba\u015f\u0131ndan ge\u00e7en Temmuz ay\u0131n\u0131n sonuna dek silahl\u0131 ter\u00f6r \u00f6rg\u00fctlerinin bulunduklar\u0131 sabotaj eylemleri ve Suriyey uygulanan ekonomik yapt\u0131r\u0131mlar neticesinde kurumlar\u0131n\u0131n u\u011frad\u0131\u011f\u0131 maddi hasar\u0131n 225 milyar Suriye liras\u0131 oldu\u011funu ifade etti. Bakanl\u0131k bug\u00fcn yay\u0131nlad\u0131\u011f\u0131 ve SANA\u2019n\u0131n bir n\u00fcshas\u0131n\u0131 ald\u0131\u011f\u0131 raporunda bakanl\u0131\u011fa tabi kurum ve \u015firketlerin direk olarak 108.550, dolayl\u0131 olarak da &hellip;<\/p>\n","protected":false},"author":1,"featured_media":9027,"comment_status":"closed","ping_status":"closed","sticky":false,"template":"","format":"standard","meta":{"footnotes":""},"categories":[485,479,486,478],"tags":[2033],"class_list":["post-9026","post","type-post","status-publish","format-standard","has-post-thumbnail","","category-is-ve-sermaye","category-haberler-yerel","category-haberler-is-ve-sermaye","category-yerel","tag-sanayide-hasar-miktari-225-milyar-lira"],"_links":{"self":[{"href":"https:\/\/archive.sana.sy\/tr\/index.php?rest_route=\/wp\/v2\/posts\/9026","targetHints":{"allow":["GET"]}}],"collection":[{"href":"https:\/\/archive.sana.sy\/tr\/index.php?rest_route=\/wp\/v2\/posts"}],"about":[{"href":"https:\/\/archive.sana.sy\/tr\/index.php?rest_route=\/wp\/v2\/types\/post"}],"author":[{"embeddable":true,"href":"https:\/\/archive.sana.sy\/tr\/index.php?rest_route=\/wp\/v2\/users\/1"}],"replies":[{"embeddable":true,"href":"https:\/\/archive.sana.sy\/tr\/index.php?rest_route=%2Fwp%2Fv2%2Fcomments&post=9026"}],"version-history":[{"count":0,"href":"https:\/\/archive.sana.sy\/tr\/index.php?rest_route=\/wp\/v2\/posts\/9026\/revisions"}],"wp:featuredmedia":[{"embeddable":true,"href":"https:\/\/archive.sana.sy\/tr\/index.php?rest_route=\/wp\/v2\/media\/9027"}],"wp:attachment":[{"href":"https:\/\/archive.sana.sy\/tr\/index.php?rest_route=%2Fwp%2Fv2%2Fmedia&parent=9026"}],"wp:term":[{"taxonomy":"category","embeddable":true,"href":"https:\/\/archive.sana.sy\/tr\/index.php?rest_route=%2Fwp%2Fv2%2Fcategories&post=9026"},{"taxonomy":"post_tag","embeddable":true,"href":"https:\/\/archive.sana.sy\/tr\/index.php?rest_route=%2Fwp%2Fv2%2Ftags&post=9026"}],"curies":[{"name":"wp","href":"https:\/\/api.w.org\/{rel}","templated":true}]}}