{"id":9036,"date":"2014-09-04T10:42:39","date_gmt":"2014-09-04T07:42:39","guid":{"rendered":"http:\/\/www.sana.sy\/tr\/?p=9036"},"modified":"2014-09-04T10:42:39","modified_gmt":"2014-09-04T07:42:39","slug":"rusya-bilgi-gununde-buyukelci-haddad-diyalog-yerini-siddet-kulturune-birakti","status":"publish","type":"post","link":"https:\/\/archive.sana.sy\/tr\/?p=9036","title":{"rendered":"Rusya Bilgi G\u00fcn\u00fcnde B\u00fcy\u00fckel\u00e7i Haddad: Diyalog Yerini \u015eiddet K\u00fclt\u00fcr\u00fcne B\u0131rakt\u0131"},"content":{"rendered":"<p>MOSKOVA &#8211; Rusya&#8217;n\u0131n St. Petersburg kentindeki Edebiyat \u00dcniversitesi, Rus ve yabanc\u0131 parlamenter, diplomat, bilim adam\u0131 ve sanat\u00e7\u0131lar\u0131n kat\u0131l\u0131m\u0131yla, d\u00fcn \u00c7ar\u015famba g\u00fcn\u00fc \u201cBilgi G\u00fcn\u00fc\u201dn\u00fc kutlad\u0131.<\/p>\n<p><a href=\"http:\/\/www.sana.sy\/tr\/wp-content\/uploads\/2014\/09\/rus-2.jpg\"><img loading=\"lazy\" decoding=\"async\" class=\"alignright wp-image-9038 size-medium\" src=\"http:\/\/www.sana.sy\/tr\/wp-content\/uploads\/2014\/09\/rus-2-300x159.jpg\" alt=\"rus 2\" width=\"300\" height=\"159\" srcset=\"https:\/\/archive.sana.sy\/tr\/wp-content\/uploads\/2014\/09\/rus-2-300x160.jpg 300w, https:\/\/archive.sana.sy\/tr\/wp-content\/uploads\/2014\/09\/rus-2-150x79.jpg 150w, https:\/\/archive.sana.sy\/tr\/wp-content\/uploads\/2014\/09\/rus-2.jpg 381w\" sizes=\"auto, (max-width: 300px) 100vw, 300px\" \/><\/a>T\u00f6rene kat\u0131lanlar, d\u00fcnyan\u0131n bu s\u00fcre\u00e7te tan\u0131k oldu\u011fu bilimsel ve teknolojik \u00e7a\u011fda bilim, bilgi ve k\u00fclt\u00fcr\u00fcn \u00f6nemini belirterek, halihaz\u0131rda tan\u0131k olunan \u00e7at\u0131\u015fmalar, askeri \u00e7arp\u0131\u015fmalar, \u00f6ld\u00fcrme, y\u0131k\u0131m, sosyal adalet ve insani de\u011ferlere y\u00f6nelik sald\u0131r\u0131lar\u0131n sebebinin baz\u0131lar\u0131 nezdinde ki insani marifet ve k\u00fclt\u00fcr eksikli\u011fi oldu\u011funu vurgulad\u0131lar.<\/p>\n<p>Suriye\u2019nin Rusya B\u00fcy\u00fckel\u00e7isi Riyad Haddad t\u00f6rende yapt\u0131\u011f\u0131 konu\u015fmada: &#8221; Bizler bug\u00fcn insan k\u00fclt\u00fcr\u00fcn\u00fcn ba\u015fkenti olan bu kentte bilginin g\u00fcn\u00fcn\u00fc kutluyoruz, bu y\u00fczden b \u00e7at\u0131\u015fmalar\u0131n ve kanlar\u0131n akmad\u0131\u011f\u0131 bir d\u00fcnya yaratmak i\u00e7in \u00fct\u00fcn herkese adil ve e\u015fit bir \u00f6neme haiz olmalar\u0131 gerekti\u011fini bundan dolay\u0131 uluslararas\u0131 bir konsens\u00fcs\u00fcn toplanmas\u0131 gerekir\u201d dedi.<\/p>\n<p>St. Petersburg Edebiyat \u00dcniversitesinde a\u00e7\u0131lan ve d\u00fcnyada krizlerin \u00e7\u00f6z\u00fcm\u00fc bilimlerinde uzman yeni Enstit\u00fcn\u00fcn \u00f6nemine dikkat \u00e7eken B\u00fcy\u00fckel\u00e7i Haddad, Suriye H\u00fck\u00fcmetinin, Suriyeli okul ve \u00fcniversitelerinde Rus\u00e7an\u0131n okutulmas\u0131 karar\u0131na i\u015faret etti.<\/p>\n<p>B\u00fcy\u00fckel\u00e7i konu\u015fmas\u0131nda, halihaz\u0131rdaki a\u015famada diyalogun kay\u0131p oldu\u011funu yerini ise de\u011fi\u015fik bahanelerle g\u00fc\u00e7 ve \u015fiddet k\u00fclt\u00fcr\u00fcne b\u0131rakt\u0131\u011f\u0131n\u0131 ifade etti.<\/p>\n<p><a href=\"http:\/\/www.sana.sy\/tr\/wp-content\/uploads\/2014\/09\/rus-3.jpg\"><img loading=\"lazy\" decoding=\"async\" class=\"alignright wp-image-9039 size-medium\" src=\"http:\/\/www.sana.sy\/tr\/wp-content\/uploads\/2014\/09\/rus-3-300x159.jpg\" alt=\"rus 3\" width=\"300\" height=\"159\" srcset=\"https:\/\/archive.sana.sy\/tr\/wp-content\/uploads\/2014\/09\/rus-3-300x160.jpg 300w, https:\/\/archive.sana.sy\/tr\/wp-content\/uploads\/2014\/09\/rus-3-150x79.jpg 150w, https:\/\/archive.sana.sy\/tr\/wp-content\/uploads\/2014\/09\/rus-3.jpg 381w\" sizes=\"auto, (max-width: 300px) 100vw, 300px\" \/><\/a>Haddad, 1980\u2019li y\u0131llardan beri Amerikan stratejisinin 21. Y\u00fcz y\u0131l\u0131n salt Amerikan y\u00fczy\u0131l\u0131 olma y\u00f6n\u00fcndeki stratejik hedefi ta\u015f\u0131d\u0131\u011f\u0131n\u0131 s\u00f6yleyerek, hegemonyac\u0131l\u0131\u011f\u0131n en bariz \u00f6rneklerinden birinin \u00e7ifte standartl\u0131l\u0131k politikas\u0131, di\u011fer halklar\u0131 k\u00f6lele\u015ftirme ile hegemonyas\u0131 alt\u0131na alma hedefiyle ba\u015fka \u00fclkelerdeki g\u00fcven ve istikrar\u0131 zedeleme ve ter\u00f6r\u00fc destekleme hakk\u0131n\u0131 korumakla kendi \u00fclkesinde ter\u00f6rle m\u00fccadele etme gereklili\u011fiyle tecelli etti\u011fine dikkat \u00e7ekti.<\/p>\n","protected":false},"excerpt":{"rendered":"<p>MOSKOVA &#8211; Rusya&#8217;n\u0131n St. Petersburg kentindeki Edebiyat \u00dcniversitesi, Rus ve yabanc\u0131 parlamenter, diplomat, bilim adam\u0131 ve sanat\u00e7\u0131lar\u0131n kat\u0131l\u0131m\u0131yla, d\u00fcn \u00c7ar\u015famba g\u00fcn\u00fc \u201cBilgi G\u00fcn\u00fc\u201dn\u00fc kutlad\u0131. T\u00f6rene kat\u0131lanlar, d\u00fcnyan\u0131n bu s\u00fcre\u00e7te tan\u0131k oldu\u011fu bilimsel ve teknolojik \u00e7a\u011fda bilim, bilgi ve k\u00fclt\u00fcr\u00fcn \u00f6nemini belirterek, halihaz\u0131rda tan\u0131k olunan \u00e7at\u0131\u015fmalar, askeri \u00e7arp\u0131\u015fmalar, \u00f6ld\u00fcrme, y\u0131k\u0131m, sosyal adalet ve insani de\u011ferlere y\u00f6nelik &hellip;<\/p>\n","protected":false},"author":1,"featured_media":9037,"comment_status":"closed","ping_status":"closed","sticky":false,"template":"","format":"standard","meta":{"footnotes":""},"categories":[458,459,447],"tags":[2036],"class_list":["post-9036","post","type-post","status-publish","format-standard","has-post-thumbnail","","category-dunya1","category-haberler-arap-uluslararasi-politika","category-politika","tag-rusya-bilgi-gununde-buyukelci-haddad-diyalog-yerini-siddet-kulturune-birakti"],"_links":{"self":[{"href":"https:\/\/archive.sana.sy\/tr\/index.php?rest_route=\/wp\/v2\/posts\/9036","targetHints":{"allow":["GET"]}}],"collection":[{"href":"https:\/\/archive.sana.sy\/tr\/index.php?rest_route=\/wp\/v2\/posts"}],"about":[{"href":"https:\/\/archive.sana.sy\/tr\/index.php?rest_route=\/wp\/v2\/types\/post"}],"author":[{"embeddable":true,"href":"https:\/\/archive.sana.sy\/tr\/index.php?rest_route=\/wp\/v2\/users\/1"}],"replies":[{"embeddable":true,"href":"https:\/\/archive.sana.sy\/tr\/index.php?rest_route=%2Fwp%2Fv2%2Fcomments&post=9036"}],"version-history":[{"count":0,"href":"https:\/\/archive.sana.sy\/tr\/index.php?rest_route=\/wp\/v2\/posts\/9036\/revisions"}],"wp:featuredmedia":[{"embeddable":true,"href":"https:\/\/archive.sana.sy\/tr\/index.php?rest_route=\/wp\/v2\/media\/9037"}],"wp:attachment":[{"href":"https:\/\/archive.sana.sy\/tr\/index.php?rest_route=%2Fwp%2Fv2%2Fmedia&parent=9036"}],"wp:term":[{"taxonomy":"category","embeddable":true,"href":"https:\/\/archive.sana.sy\/tr\/index.php?rest_route=%2Fwp%2Fv2%2Fcategories&post=9036"},{"taxonomy":"post_tag","embeddable":true,"href":"https:\/\/archive.sana.sy\/tr\/index.php?rest_route=%2Fwp%2Fv2%2Ftags&post=9036"}],"curies":[{"name":"wp","href":"https:\/\/api.w.org\/{rel}","templated":true}]}}