{"id":90411,"date":"2016-10-07T11:01:24","date_gmt":"2016-10-07T08:01:24","guid":{"rendered":"http:\/\/www.sana.sy\/tr\/?p=90411"},"modified":"2016-10-07T11:01:24","modified_gmt":"2016-10-07T08:01:24","slug":"askeri-kaynak-ordu-birliklerimizin-deranin-muhtelif-bolgelerinde-teroristlerin-siper-ve-mevkilerini-yogun-atese-tutmalariyla-tekfircileri-sayi-ve-techizatlariyla-birlikte-agir-kayiplara-ugra","status":"publish","type":"post","link":"https:\/\/archive.sana.sy\/tr\/?p=90411","title":{"rendered":"Askeri kaynak; ordu birliklerimizin Dera\u2019n\u0131n muhtelif b\u00f6lgelerinde ter\u00f6ristlerin siper ve mevkilerini yo\u011fun ate\u015fe tutmalar\u0131yla tekfircileri say\u0131 ve te\u00e7hizatlar\u0131yla birlikte a\u011f\u0131r kay\u0131plara u\u011fratt\u0131klar\u0131n\u0131 belirtti"},"content":{"rendered":"<p>Askeri kaynak; ordu birliklerimizin Dera\u2019n\u0131n muhtelif b\u00f6lgelerinde ter\u00f6ristlerin siper ve mevkilerini yo\u011fun ate\u015fe tutmalar\u0131yla tekfircileri say\u0131 ve te\u00e7hizatlar\u0131yla birlikte a\u011f\u0131r kay\u0131plara u\u011fratt\u0131klar\u0131n\u0131 belirtti<\/p>\n","protected":false},"excerpt":{"rendered":"<p>Askeri kaynak; ordu birliklerimizin Dera\u2019n\u0131n muhtelif b\u00f6lgelerinde ter\u00f6ristlerin siper ve mevkilerini yo\u011fun ate\u015fe tutmalar\u0131yla tekfircileri say\u0131 ve te\u00e7hizatlar\u0131yla birlikte a\u011f\u0131r kay\u0131plara u\u011fratt\u0131klar\u0131n\u0131 belirtti<\/p>\n","protected":false},"author":1,"featured_media":0,"comment_status":"closed","ping_status":"closed","sticky":false,"template":"","format":"standard","meta":{"footnotes":""},"categories":[17991],"tags":[],"class_list":["post-90411","post","type-post","status-publish","format-standard","","category-son-dakika"],"_links":{"self":[{"href":"https:\/\/archive.sana.sy\/tr\/index.php?rest_route=\/wp\/v2\/posts\/90411","targetHints":{"allow":["GET"]}}],"collection":[{"href":"https:\/\/archive.sana.sy\/tr\/index.php?rest_route=\/wp\/v2\/posts"}],"about":[{"href":"https:\/\/archive.sana.sy\/tr\/index.php?rest_route=\/wp\/v2\/types\/post"}],"author":[{"embeddable":true,"href":"https:\/\/archive.sana.sy\/tr\/index.php?rest_route=\/wp\/v2\/users\/1"}],"replies":[{"embeddable":true,"href":"https:\/\/archive.sana.sy\/tr\/index.php?rest_route=%2Fwp%2Fv2%2Fcomments&post=90411"}],"version-history":[{"count":0,"href":"https:\/\/archive.sana.sy\/tr\/index.php?rest_route=\/wp\/v2\/posts\/90411\/revisions"}],"wp:attachment":[{"href":"https:\/\/archive.sana.sy\/tr\/index.php?rest_route=%2Fwp%2Fv2%2Fmedia&parent=90411"}],"wp:term":[{"taxonomy":"category","embeddable":true,"href":"https:\/\/archive.sana.sy\/tr\/index.php?rest_route=%2Fwp%2Fv2%2Fcategories&post=90411"},{"taxonomy":"post_tag","embeddable":true,"href":"https:\/\/archive.sana.sy\/tr\/index.php?rest_route=%2Fwp%2Fv2%2Ftags&post=90411"}],"curies":[{"name":"wp","href":"https:\/\/api.w.org\/{rel}","templated":true}]}}