{"id":90430,"date":"2016-10-06T22:00:51","date_gmt":"2016-10-06T19:00:51","guid":{"rendered":"http:\/\/www.sana.sy\/tr\/?p=90430"},"modified":"2016-10-07T13:01:54","modified_gmt":"2016-10-07T10:01:54","slug":"freyc-ve-eyup-ordu-birliklerimize-saha-gezilerinde-bulundular-video","status":"publish","type":"post","link":"https:\/\/archive.sana.sy\/tr\/?p=90430","title":{"rendered":"Freyc ve Ey\u00fcp Ordu Birliklerimize Saha Gezilerinde Bulundular (video)"},"content":{"rendered":"<p>\u0130LLER \u2013 Ekim Kurtulu\u015f Zaferinin 43. Y\u0131ld\u00f6n\u00fcm\u00fc m\u00fcnasebetiyle Savunma Bakan\u0131 Korgeneral Fahd Casim el Freyc ve Genelkurmay Ba\u015fkan\u0131 Korgeneral Ali Abdullah Ey\u00fcp ayr\u0131 ayr\u0131 muhtelif b\u00f6lgelerde ordu birliklerimize saha gezilerinde bulundular.<\/p>\n<p><a href=\"http:\/\/www.sana.sy\/tr\/wp-content\/uploads\/2016\/10\/Feryc.jpg\"><img loading=\"lazy\" decoding=\"async\" class=\"alignright wp-image-90439 size-medium\" src=\"http:\/\/www.sana.sy\/tr\/wp-content\/uploads\/2016\/10\/Feryc-300x168.jpg\" alt=\"feryc\" width=\"300\" height=\"168\" srcset=\"https:\/\/archive.sana.sy\/tr\/wp-content\/uploads\/2016\/10\/Feryc-300x168.jpg 300w, https:\/\/archive.sana.sy\/tr\/wp-content\/uploads\/2016\/10\/Feryc-150x84.jpg 150w, https:\/\/archive.sana.sy\/tr\/wp-content\/uploads\/2016\/10\/Feryc.jpg 660w\" sizes=\"auto, (max-width: 300px) 100vw, 300px\" \/><\/a>Ordu ve Silahl\u0131 Kuvvetler Genel Komutan\u0131 Orgeneral Be\u015f\u015far el Esad\u2019\u0131n y\u00f6nlendirmeleriyle ger\u00e7ekle\u015fen saha ziyaretlerinde Freyc ve Ey\u00fcp ordu birliklerimizin bu \u015fanl\u0131 m\u00fcnasebetini kutlarken, el Esad\u2019\u0131n da kahramanlar\u0131m\u0131za takdirlerini aktard\u0131.<\/p>\n<p>Savunma Bakan\u0131 Freyc ve Genelkurmay Ba\u015fkan\u0131 Ey\u00fcp Suriye ve halk\u0131na d\u00fc\u015fman d\u0131\u015f g\u00fc\u00e7lerin edat olarak kulland\u0131klar\u0131 radikal ve hain ter\u00f6re kar\u015f\u0131 ordu birliklerimizin operasyonlar\u0131n\u0131 inceledi. Bu operasyonlar\u0131n seyri hakk\u0131nda saha komutanlar\u0131ndan bilgi alan Freyc ve Ey\u00fcp, gerekli talimatlar\u0131n\u0131 da saha komutanlar\u0131m\u0131za verdi.<\/p>\n<p>https:\/\/www.youtube.com\/watch?v=9dSei1hUx1s<\/p>\n","protected":false},"excerpt":{"rendered":"<p>\u0130LLER \u2013 Ekim Kurtulu\u015f Zaferinin 43. Y\u0131ld\u00f6n\u00fcm\u00fc m\u00fcnasebetiyle Savunma Bakan\u0131 Korgeneral Fahd Casim el Freyc ve Genelkurmay Ba\u015fkan\u0131 Korgeneral Ali Abdullah Ey\u00fcp ayr\u0131 ayr\u0131 muhtelif b\u00f6lgelerde ordu birliklerimize saha gezilerinde bulundular. Ordu ve Silahl\u0131 Kuvvetler Genel Komutan\u0131 Orgeneral Be\u015f\u015far el Esad\u2019\u0131n y\u00f6nlendirmeleriyle ger\u00e7ekle\u015fen saha ziyaretlerinde Freyc ve Ey\u00fcp ordu birliklerimizin bu \u015fanl\u0131 m\u00fcnasebetini kutlarken, el &hellip;<\/p>\n","protected":false},"author":1,"featured_media":90440,"comment_status":"closed","ping_status":"closed","sticky":false,"template":"","format":"standard","meta":{"footnotes":""},"categories":[479,17988,478],"tags":[],"class_list":["post-90430","post","type-post","status-publish","format-standard","has-post-thumbnail","","category-haberler-yerel","category-son-haberler","category-yerel"],"_links":{"self":[{"href":"https:\/\/archive.sana.sy\/tr\/index.php?rest_route=\/wp\/v2\/posts\/90430","targetHints":{"allow":["GET"]}}],"collection":[{"href":"https:\/\/archive.sana.sy\/tr\/index.php?rest_route=\/wp\/v2\/posts"}],"about":[{"href":"https:\/\/archive.sana.sy\/tr\/index.php?rest_route=\/wp\/v2\/types\/post"}],"author":[{"embeddable":true,"href":"https:\/\/archive.sana.sy\/tr\/index.php?rest_route=\/wp\/v2\/users\/1"}],"replies":[{"embeddable":true,"href":"https:\/\/archive.sana.sy\/tr\/index.php?rest_route=%2Fwp%2Fv2%2Fcomments&post=90430"}],"version-history":[{"count":0,"href":"https:\/\/archive.sana.sy\/tr\/index.php?rest_route=\/wp\/v2\/posts\/90430\/revisions"}],"wp:featuredmedia":[{"embeddable":true,"href":"https:\/\/archive.sana.sy\/tr\/index.php?rest_route=\/wp\/v2\/media\/90440"}],"wp:attachment":[{"href":"https:\/\/archive.sana.sy\/tr\/index.php?rest_route=%2Fwp%2Fv2%2Fmedia&parent=90430"}],"wp:term":[{"taxonomy":"category","embeddable":true,"href":"https:\/\/archive.sana.sy\/tr\/index.php?rest_route=%2Fwp%2Fv2%2Fcategories&post=90430"},{"taxonomy":"post_tag","embeddable":true,"href":"https:\/\/archive.sana.sy\/tr\/index.php?rest_route=%2Fwp%2Fv2%2Ftags&post=90430"}],"curies":[{"name":"wp","href":"https:\/\/api.w.org\/{rel}","templated":true}]}}