{"id":90480,"date":"2016-10-06T23:53:58","date_gmt":"2016-10-06T20:53:58","guid":{"rendered":"http:\/\/www.sana.sy\/tr\/?p=90480"},"modified":"2016-10-08T12:19:42","modified_gmt":"2016-10-08T09:19:42","slug":"binlerce-yila-dayanan-kultur-ve-medeniyete-sahip-suriyelilerin-iradesini-yikmak-mumkun-degildir","status":"publish","type":"post","link":"https:\/\/archive.sana.sy\/tr\/?p=90480","title":{"rendered":"Binlerce Y\u0131la Dayanan Medeniyete Sahip Suriyelilerin \u0130radesini Y\u0131kmak M\u00fcmk\u00fcn De\u011fildir"},"content":{"rendered":"<p>TARTUS \u2013 Y\u00fczme ve Su Oyunlar\u0131 Birli\u011fi, Spor Federasyonunun Tartus \u0130l \u015eubesi ile i\u015fbirli\u011fi i\u00e7inde Tartus sahilinde uzun mesafeli y\u00fczme festivali d\u00fczenliyor.<\/p>\n<p>Rusya ve Ukrayna\u2019dan y\u00fcz\u00fcc\u00fclerin yan\u0131 s\u0131ra Suriyeli elit y\u00fcz\u00fcc\u00fclerin kat\u0131ld\u0131klar\u0131 festival konusunda Spor Genel Federasyonu Ba\u015fkan\u0131 Muvaffak Cuma yapt\u0131\u011f\u0131 bas\u0131n a\u00e7\u0131klamalar\u0131nda; Ekim Kurtulu\u015f Zaferinin 43. Y\u0131ld\u00f6n\u00fcm\u00fcne denk gelen bu spor etkinli\u011finin Suriyelilerden t\u00fcm d\u00fcnyaya \u00f6nemli bir mesaj ta\u015f\u0131d\u0131\u011f\u0131n\u0131 ifade etti. Cuma Suriyelilerin d\u00fc\u015fman g\u00fc\u00e7lere vermek istedikleri bu mesajlar\u0131nda; t\u00fcm ter\u00f6r, bask\u0131 ve dayatmalara ra\u011fmen, binlerce y\u0131la dayanan k\u00fclt\u00fcr ve medeniyete sahip Suriyelilerin ya\u015fam iradesini yok etmenin hi\u00e7bir \u015fekilde m\u00fcmk\u00fcn olmad\u0131\u011f\u0131n\u0131 vurgulad\u0131klar\u0131na dikkat \u00e7ekti.<\/p>\n<p>Festival kat\u0131l\u0131mc\u0131lar\u0131 ise bu etkinlikten amac\u0131n ordusu ve onunla omuz omuza ter\u00f6re kar\u015f\u0131 sava\u015fan Suriye halk\u0131yla dayan\u0131\u015fmay\u0131 ifade etmek istediklerini kaydetti.<\/p>\n","protected":false},"excerpt":{"rendered":"<p>TARTUS \u2013 Y\u00fczme ve Su Oyunlar\u0131 Birli\u011fi, Spor Federasyonunun Tartus \u0130l \u015eubesi ile i\u015fbirli\u011fi i\u00e7inde Tartus sahilinde uzun mesafeli y\u00fczme festivali d\u00fczenliyor. Rusya ve Ukrayna\u2019dan y\u00fcz\u00fcc\u00fclerin yan\u0131 s\u0131ra Suriyeli elit y\u00fcz\u00fcc\u00fclerin kat\u0131ld\u0131klar\u0131 festival konusunda Spor Genel Federasyonu Ba\u015fkan\u0131 Muvaffak Cuma yapt\u0131\u011f\u0131 bas\u0131n a\u00e7\u0131klamalar\u0131nda; Ekim Kurtulu\u015f Zaferinin 43. Y\u0131ld\u00f6n\u00fcm\u00fcne denk gelen bu spor etkinli\u011finin Suriyelilerden t\u00fcm &hellip;<\/p>\n","protected":false},"author":1,"featured_media":90481,"comment_status":"closed","ping_status":"closed","sticky":false,"template":"","format":"standard","meta":{"footnotes":""},"categories":[479,17988,478],"tags":[24470,12172,24471],"class_list":["post-90480","post","type-post","status-publish","format-standard","has-post-thumbnail","","category-haberler-yerel","category-son-haberler","category-yerel","tag-binlerce-yila-dayanan-kultur-ve-medeniyete-sahip-suriyelilerin-iradesini-yikmak-mumkun-degildir","tag-tartus","tag-yuzme-ve-su-oyunlari-birligi-spor-federasyonunun-tartus-il-subesi"],"_links":{"self":[{"href":"https:\/\/archive.sana.sy\/tr\/index.php?rest_route=\/wp\/v2\/posts\/90480","targetHints":{"allow":["GET"]}}],"collection":[{"href":"https:\/\/archive.sana.sy\/tr\/index.php?rest_route=\/wp\/v2\/posts"}],"about":[{"href":"https:\/\/archive.sana.sy\/tr\/index.php?rest_route=\/wp\/v2\/types\/post"}],"author":[{"embeddable":true,"href":"https:\/\/archive.sana.sy\/tr\/index.php?rest_route=\/wp\/v2\/users\/1"}],"replies":[{"embeddable":true,"href":"https:\/\/archive.sana.sy\/tr\/index.php?rest_route=%2Fwp%2Fv2%2Fcomments&post=90480"}],"version-history":[{"count":0,"href":"https:\/\/archive.sana.sy\/tr\/index.php?rest_route=\/wp\/v2\/posts\/90480\/revisions"}],"wp:featuredmedia":[{"embeddable":true,"href":"https:\/\/archive.sana.sy\/tr\/index.php?rest_route=\/wp\/v2\/media\/90481"}],"wp:attachment":[{"href":"https:\/\/archive.sana.sy\/tr\/index.php?rest_route=%2Fwp%2Fv2%2Fmedia&parent=90480"}],"wp:term":[{"taxonomy":"category","embeddable":true,"href":"https:\/\/archive.sana.sy\/tr\/index.php?rest_route=%2Fwp%2Fv2%2Fcategories&post=90480"},{"taxonomy":"post_tag","embeddable":true,"href":"https:\/\/archive.sana.sy\/tr\/index.php?rest_route=%2Fwp%2Fv2%2Ftags&post=90480"}],"curies":[{"name":"wp","href":"https:\/\/api.w.org\/{rel}","templated":true}]}}