{"id":90483,"date":"2016-10-07T09:02:07","date_gmt":"2016-10-07T06:02:07","guid":{"rendered":"http:\/\/www.sana.sy\/tr\/?p=90483"},"modified":"2016-10-08T12:13:21","modified_gmt":"2016-10-08T09:13:21","slug":"isid-abd-ve-israilin-edatidir","status":"publish","type":"post","link":"https:\/\/archive.sana.sy\/tr\/?p=90483","title":{"rendered":"I\u015e\u0130D ABD ve \u0130srail&#8217;in Edat\u0131d\u0131r"},"content":{"rendered":"<p>TAHRAN \u2013 \u0130ran \u015eura Meclisi ba\u015fkan\u0131n\u0131n uluslar aras\u0131 ili\u015fkilerden sorumlu \u00f6zel yard\u0131mc\u0131s\u0131 H\u00fcseyin Emir Abd\u00fcllehyan; I\u015e\u0130D ter\u00f6r \u00f6rg\u00fct\u00fcn\u00fcn, ABD ve Siyonist \u0130srail&#8217;in bir edat\u0131 olup Siyonist ve emperyalist planlara kar\u015f\u0131 b\u00f6lge ve halklar\u0131n\u0131 savunan direni\u015f eksenini hedef ald\u0131\u011f\u0131n\u0131 bir kez daha vurgulad\u0131.<\/p>\n<p>Abd\u00fcllehyan bug\u00fcn yapt\u0131\u011f\u0131 a\u00e7\u0131klamada; ABD\u2019nin Halep\u2019te oyunu ter\u00f6ristlerin lehine oynayamad\u0131\u011f\u0131n\u0131 ifade etti. Suriye halk\u0131, ordusu ve y\u00f6netiminin \u00fclke topraklar\u0131n\u0131n hi\u00e7bir kar\u0131\u015f topra\u011f\u0131nda ter\u00f6r\u00fcn kalmas\u0131na kesinlikle izin vermeyeceklerini vurgulayan Abd\u00fcllehyan; Suriye&#8217;de ter\u00f6r\u00fcn hezimete u\u011frayaca\u011f\u0131n\u0131 belirtti.<\/p>\n<p>Abd\u00fcllehyan \u0130dlib k\u0131rsal\u0131nda Fua ve Kefrayya b\u00f6lgelerini \u00f6rnek vererek, d\u0131\u015f destekli ter\u00f6ristlerin ter\u00f6r \u00e7emberine ald\u0131klar\u0131 b\u00f6lgelerde i\u015fledikleri insani facialara dikkat \u00e7ekti.<\/p>\n","protected":false},"excerpt":{"rendered":"<p>TAHRAN \u2013 \u0130ran \u015eura Meclisi ba\u015fkan\u0131n\u0131n uluslar aras\u0131 ili\u015fkilerden sorumlu \u00f6zel yard\u0131mc\u0131s\u0131 H\u00fcseyin Emir Abd\u00fcllehyan; I\u015e\u0130D ter\u00f6r \u00f6rg\u00fct\u00fcn\u00fcn, ABD ve Siyonist \u0130srail&#8217;in bir edat\u0131 olup Siyonist ve emperyalist planlara kar\u015f\u0131 b\u00f6lge ve halklar\u0131n\u0131 savunan direni\u015f eksenini hedef ald\u0131\u011f\u0131n\u0131 bir kez daha vurgulad\u0131. Abd\u00fcllehyan bug\u00fcn yapt\u0131\u011f\u0131 a\u00e7\u0131klamada; ABD\u2019nin Halep\u2019te oyunu ter\u00f6ristlerin lehine oynayamad\u0131\u011f\u0131n\u0131 ifade etti. Suriye &hellip;<\/p>\n","protected":false},"author":1,"featured_media":73322,"comment_status":"closed","ping_status":"closed","sticky":false,"template":"","format":"standard","meta":{"footnotes":""},"categories":[458,459,17988],"tags":[24473,24472],"class_list":["post-90483","post","type-post","status-publish","format-standard","has-post-thumbnail","","category-dunya1","category-haberler-arap-uluslararasi-politika","category-son-haberler","tag-iran-sura-meclisi-baskaninin-uluslar-arasi-iliskilerden-sorumlu-ozel-yardimcisi-huseyin-emir-abdullehyan","tag-isid-abd-ve-israilin-edatidir"],"_links":{"self":[{"href":"https:\/\/archive.sana.sy\/tr\/index.php?rest_route=\/wp\/v2\/posts\/90483","targetHints":{"allow":["GET"]}}],"collection":[{"href":"https:\/\/archive.sana.sy\/tr\/index.php?rest_route=\/wp\/v2\/posts"}],"about":[{"href":"https:\/\/archive.sana.sy\/tr\/index.php?rest_route=\/wp\/v2\/types\/post"}],"author":[{"embeddable":true,"href":"https:\/\/archive.sana.sy\/tr\/index.php?rest_route=\/wp\/v2\/users\/1"}],"replies":[{"embeddable":true,"href":"https:\/\/archive.sana.sy\/tr\/index.php?rest_route=%2Fwp%2Fv2%2Fcomments&post=90483"}],"version-history":[{"count":0,"href":"https:\/\/archive.sana.sy\/tr\/index.php?rest_route=\/wp\/v2\/posts\/90483\/revisions"}],"wp:featuredmedia":[{"embeddable":true,"href":"https:\/\/archive.sana.sy\/tr\/index.php?rest_route=\/wp\/v2\/media\/73322"}],"wp:attachment":[{"href":"https:\/\/archive.sana.sy\/tr\/index.php?rest_route=%2Fwp%2Fv2%2Fmedia&parent=90483"}],"wp:term":[{"taxonomy":"category","embeddable":true,"href":"https:\/\/archive.sana.sy\/tr\/index.php?rest_route=%2Fwp%2Fv2%2Fcategories&post=90483"},{"taxonomy":"post_tag","embeddable":true,"href":"https:\/\/archive.sana.sy\/tr\/index.php?rest_route=%2Fwp%2Fv2%2Ftags&post=90483"}],"curies":[{"name":"wp","href":"https:\/\/api.w.org\/{rel}","templated":true}]}}