{"id":90681,"date":"2016-10-09T12:34:53","date_gmt":"2016-10-09T09:34:53","guid":{"rendered":"http:\/\/www.sana.sy\/tr\/?p=90681"},"modified":"2016-12-14T15:01:28","modified_gmt":"2016-12-14T13:01:28","slug":"oturma-izni-harclari-yeniden-duzenlendi","status":"publish","type":"post","link":"https:\/\/archive.sana.sy\/tr\/?p=90681","title":{"rendered":"Oturma \u0130zni Har\u00e7lar\u0131 Yeniden D\u00fczenlendi"},"content":{"rendered":"<p>\u015eAM \u2013 Cumhurba\u015fkan\u0131 Be\u015f\u015far el Esad oturma izni har\u00e7lar\u0131na ili\u015fkin 2014\/2 say\u0131l\u0131 yasama kanunun 29. Maddesinin A f\u0131kras\u0131n\u0131n d\u00fczeltilmesini \u00f6ng\u00f6ren 2016\/30 say\u0131l\u0131 yasama karar\u0131n\u0131 onaylad\u0131.<\/p>\n<p>Yeni d\u00fczenlemelere g\u00f6re \u00f6zel oturma izninin har\u00e7 miktar\u0131 45 bin lira, sanat\u00e7\u0131lar dahil i\u015f\u00e7i oturma izni harc\u0131 75 bin lira, normal oturma izni harc\u0131 30 bin lira, bir y\u0131l yada k\u00fcsur s\u00fcreli\u011fine ge\u00e7ici oturma izni harc\u0131 ise 15 bin lira olarak belirlendi.<\/p>\n","protected":false},"excerpt":{"rendered":"<p>\u015eAM \u2013 Cumhurba\u015fkan\u0131 Be\u015f\u015far el Esad oturma izni har\u00e7lar\u0131na ili\u015fkin 2014\/2 say\u0131l\u0131 yasama kanunun 29. Maddesinin A f\u0131kras\u0131n\u0131n d\u00fczeltilmesini \u00f6ng\u00f6ren 2016\/30 say\u0131l\u0131 yasama karar\u0131n\u0131 onaylad\u0131. Yeni d\u00fczenlemelere g\u00f6re \u00f6zel oturma izninin har\u00e7 miktar\u0131 45 bin lira, sanat\u00e7\u0131lar dahil i\u015f\u00e7i oturma izni harc\u0131 75 bin lira, normal oturma izni harc\u0131 30 bin lira, bir y\u0131l yada &hellip;<\/p>\n","protected":false},"author":1,"featured_media":64924,"comment_status":"closed","ping_status":"closed","sticky":false,"template":"","format":"standard","meta":{"footnotes":""},"categories":[605,17988,612,599],"tags":[17256,24503,24504,16714],"class_list":["post-90681","post","type-post","status-publish","format-standard","has-post-thumbnail","","category-sayin-cumhurbaskani","category-son-haberler","category-yasama-kararnameler","category-yasama-ve-kanunlar","tag-bessar-el-esad","tag-oturma-izni-harclari","tag-suriyede-ikamet","tag-yasama-karari"],"_links":{"self":[{"href":"https:\/\/archive.sana.sy\/tr\/index.php?rest_route=\/wp\/v2\/posts\/90681","targetHints":{"allow":["GET"]}}],"collection":[{"href":"https:\/\/archive.sana.sy\/tr\/index.php?rest_route=\/wp\/v2\/posts"}],"about":[{"href":"https:\/\/archive.sana.sy\/tr\/index.php?rest_route=\/wp\/v2\/types\/post"}],"author":[{"embeddable":true,"href":"https:\/\/archive.sana.sy\/tr\/index.php?rest_route=\/wp\/v2\/users\/1"}],"replies":[{"embeddable":true,"href":"https:\/\/archive.sana.sy\/tr\/index.php?rest_route=%2Fwp%2Fv2%2Fcomments&post=90681"}],"version-history":[{"count":0,"href":"https:\/\/archive.sana.sy\/tr\/index.php?rest_route=\/wp\/v2\/posts\/90681\/revisions"}],"wp:featuredmedia":[{"embeddable":true,"href":"https:\/\/archive.sana.sy\/tr\/index.php?rest_route=\/wp\/v2\/media\/64924"}],"wp:attachment":[{"href":"https:\/\/archive.sana.sy\/tr\/index.php?rest_route=%2Fwp%2Fv2%2Fmedia&parent=90681"}],"wp:term":[{"taxonomy":"category","embeddable":true,"href":"https:\/\/archive.sana.sy\/tr\/index.php?rest_route=%2Fwp%2Fv2%2Fcategories&post=90681"},{"taxonomy":"post_tag","embeddable":true,"href":"https:\/\/archive.sana.sy\/tr\/index.php?rest_route=%2Fwp%2Fv2%2Ftags&post=90681"}],"curies":[{"name":"wp","href":"https:\/\/api.w.org\/{rel}","templated":true}]}}