{"id":90735,"date":"2016-10-09T16:30:00","date_gmt":"2016-10-09T13:30:00","guid":{"rendered":"http:\/\/www.sana.sy\/tr\/?p=90735"},"modified":"2016-12-14T14:44:18","modified_gmt":"2016-12-14T12:44:18","slug":"drama-sanati-onemli-davalara-isik-tutmalidir","status":"publish","type":"post","link":"https:\/\/archive.sana.sy\/tr\/?p=90735","title":{"rendered":"Drama Sanat\u0131 \u00d6nemli Davalara I\u015f\u0131k Tutmal\u0131d\u0131r"},"content":{"rendered":"<p>\u015eAM \u2013 Ba\u015fbakan \u0130mad Hamis M\u0131s\u0131r\u2019da d\u00fczenlenen \u0130skenderiye Sinema Festivaline kat\u0131lan ve \u00f6d\u00fcl alan sanat\u00e7\u0131larla bir araya geldi.<\/p>\n<p>Onur verici ba\u015far\u0131lar\u0131n\u0131 kutlayan Ba\u015fbakan Hamis; ge\u00e7en y\u0131llar i\u00e7inde b\u00fcy\u00fck ba\u015far\u0131larla nitelikli bir atak sa\u011flayan ve t\u00fcm Arap televizyonlar\u0131n\u0131n ekranlar\u0131 ve milletin g\u00f6n\u00fcllerine taht kuran Suriye drama sanat\u0131na dikkat \u00e7ekti.<\/p>\n<p>Ba\u015fbakan Hamis drama sanat\u0131nda Suriye&#8217;de ya\u015fanan durumlar\u0131n objektif bir \u015fekilde ele al\u0131nmas\u0131 ve ger\u00e7ekleri yans\u0131tmas\u0131 \u00f6neminin alt\u0131n\u0131 \u00e7izerken, muhtelif \u015fekilleriyle sanatsal \u00e7al\u0131\u015fmalar\u0131n ulusal ideolojiyi peki\u015ftirmede etkin bir rol oymas\u0131 gere\u011fini vurgulad\u0131. Suriye ve halk\u0131n\u0131n maruz kald\u0131\u011f\u0131 evrensel sava\u015f\u0131n k\u00fclt\u00fcrel y\u00f6n\u00fcne dikkat \u00e7eken Hamis; her vatanda\u015f\u0131n kendi konumundan k\u00fclt\u00fcr\u00fcn\u00fc ve vatan\u0131n\u0131 savundu\u011funu belirtti.<\/p>\n<p><a href=\"http:\/\/www.sana.sy\/tr\/wp-content\/uploads\/2016\/10\/Ba\u015fbakan-\u0130mad-Hamis-1.jpg\"><img loading=\"lazy\" decoding=\"async\" class=\"alignright wp-image-90742 size-medium\" src=\"http:\/\/www.sana.sy\/tr\/wp-content\/uploads\/2016\/10\/Ba\u015fbakan-\u0130mad-Hamis-1-300x182.jpg\" alt=\"basbakan-imad-hamis-1\" width=\"300\" height=\"182\" srcset=\"https:\/\/archive.sana.sy\/tr\/wp-content\/uploads\/2016\/10\/Ba\u015fbakan-\u0130mad-Hamis-1-300x182.jpg 300w, https:\/\/archive.sana.sy\/tr\/wp-content\/uploads\/2016\/10\/Ba\u015fbakan-\u0130mad-Hamis-1-150x91.jpg 150w, https:\/\/archive.sana.sy\/tr\/wp-content\/uploads\/2016\/10\/Ba\u015fbakan-\u0130mad-Hamis-1-768x465.jpg 768w, https:\/\/archive.sana.sy\/tr\/wp-content\/uploads\/2016\/10\/Ba\u015fbakan-\u0130mad-Hamis-1-1024x620.jpg 1024w\" sizes=\"auto, (max-width: 300px) 100vw, 300px\" \/><\/a>Hamis sanat\u0131n; vatanda\u015flar\u0131n k\u00fclt\u00fcrel, siyasi, ekonomik ve sosyal sorunlar\u0131 ve ideallerini yans\u0131tmas\u0131, ya\u015famsal ve kader belirleyici mevzulara odaklanmas\u0131 \u00f6neminin alt\u0131n\u0131 \u00e7izerken mevcut s\u00fcre\u00e7 i\u00e7inde en b\u00fcy\u00fck meydan okuman\u0131n do\u011fru ulusal ideolojiyi peki\u015ftirmek oldu\u011funu ifade etti.<\/p>\n<p>Drama sanat\u0131n\u0131n maruz kald\u0131\u011f\u0131 zorluklar ve bu zorluklar\u0131 a\u015fma \u00f6nerilerinin ele al\u0131nd\u0131\u011f\u0131 g\u00f6r\u00fc\u015fmede; bu sanata h\u00fck\u00fcmet deste\u011fi g\u00fcndeme getirildi.<\/p>\n<p>G\u00f6r\u00fc\u015fmenin bitiminde ise Ba\u015fbakan Hamis \u0130skenderiye Sinema Festivalinde \u00f6d\u00fcl kazanan D\u00fcreyd Lahham, Necdet Anzur, S\u00fclaf Faharci Rena \u015emeys ve Meysun Ebu Asaad\u2019\u0131 onurland\u0131rd\u0131.<\/p>\n<p>R.M.<\/p>\n","protected":false},"excerpt":{"rendered":"<p>\u015eAM \u2013 Ba\u015fbakan \u0130mad Hamis M\u0131s\u0131r\u2019da d\u00fczenlenen \u0130skenderiye Sinema Festivaline kat\u0131lan ve \u00f6d\u00fcl alan sanat\u00e7\u0131larla bir araya geldi. Onur verici ba\u015far\u0131lar\u0131n\u0131 kutlayan Ba\u015fbakan Hamis; ge\u00e7en y\u0131llar i\u00e7inde b\u00fcy\u00fck ba\u015far\u0131larla nitelikli bir atak sa\u011flayan ve t\u00fcm Arap televizyonlar\u0131n\u0131n ekranlar\u0131 ve milletin g\u00f6n\u00fcllerine taht kuran Suriye drama sanat\u0131na dikkat \u00e7ekti. Ba\u015fbakan Hamis drama sanat\u0131nda Suriye&#8217;de ya\u015fanan durumlar\u0131n &hellip;<\/p>\n","protected":false},"author":1,"featured_media":90741,"comment_status":"closed","ping_status":"closed","sticky":false,"template":"","format":"standard","meta":{"footnotes":""},"categories":[516,479,511,17988,478],"tags":[4782,22366,24511,24512,24513,1302,2755,18632,19174,24336],"class_list":["post-90735","post","type-post","status-publish","format-standard","has-post-thumbnail","","category-haberler-kultur-ve-sanat","category-haberler-yerel","category-kultur-ve-sanat","category-son-haberler","category-yerel","tag-sam-ve-kirsalina-ilaveten-homs-ilinden-bugun-72-kanun-kacagi-daha-silahlariyla-birlikte-guvenlik-kurumlarina-teslim-oldular","tag-basbakan-imad-hamis","tag-drama-sanati-onemli-davalara-isik-tutmalidir","tag-iskenderiye-sinema-festivali","tag-iskenderiye-sinema-festivaline-katilan-ve-odul-alan-sanatcilar","tag-misir","tag-sam","tag-sana","tag-suriyede-son-durumlar","tag-suriyede-kultur-ve-sanat"],"_links":{"self":[{"href":"https:\/\/archive.sana.sy\/tr\/index.php?rest_route=\/wp\/v2\/posts\/90735","targetHints":{"allow":["GET"]}}],"collection":[{"href":"https:\/\/archive.sana.sy\/tr\/index.php?rest_route=\/wp\/v2\/posts"}],"about":[{"href":"https:\/\/archive.sana.sy\/tr\/index.php?rest_route=\/wp\/v2\/types\/post"}],"author":[{"embeddable":true,"href":"https:\/\/archive.sana.sy\/tr\/index.php?rest_route=\/wp\/v2\/users\/1"}],"replies":[{"embeddable":true,"href":"https:\/\/archive.sana.sy\/tr\/index.php?rest_route=%2Fwp%2Fv2%2Fcomments&post=90735"}],"version-history":[{"count":0,"href":"https:\/\/archive.sana.sy\/tr\/index.php?rest_route=\/wp\/v2\/posts\/90735\/revisions"}],"wp:featuredmedia":[{"embeddable":true,"href":"https:\/\/archive.sana.sy\/tr\/index.php?rest_route=\/wp\/v2\/media\/90741"}],"wp:attachment":[{"href":"https:\/\/archive.sana.sy\/tr\/index.php?rest_route=%2Fwp%2Fv2%2Fmedia&parent=90735"}],"wp:term":[{"taxonomy":"category","embeddable":true,"href":"https:\/\/archive.sana.sy\/tr\/index.php?rest_route=%2Fwp%2Fv2%2Fcategories&post=90735"},{"taxonomy":"post_tag","embeddable":true,"href":"https:\/\/archive.sana.sy\/tr\/index.php?rest_route=%2Fwp%2Fv2%2Ftags&post=90735"}],"curies":[{"name":"wp","href":"https:\/\/api.w.org\/{rel}","templated":true}]}}