{"id":90748,"date":"2016-10-10T10:27:30","date_gmt":"2016-10-10T07:27:30","guid":{"rendered":"http:\/\/www.sana.sy\/tr\/?p=90748"},"modified":"2016-10-10T10:27:30","modified_gmt":"2016-10-10T07:27:30","slug":"askeri-kaynak-ordu-birliklerimizin-homs-kirsalinin-kuzeyi-telbise-bolgesine-dusen-ayn-huseyin-el-cenubi-ve-sean-el-esvad-bolgelerinde-teroristlerin-toplanma-yerleri-ve-agir-makineli-silahlarla-donati","status":"publish","type":"post","link":"https:\/\/archive.sana.sy\/tr\/?p=90748","title":{"rendered":"Askeri kaynak; ordu birliklerimizin Homs k\u0131rsal\u0131n\u0131n kuzeyi Telbise B\u00f6lgesine d\u00fc\u015fen Ayn H\u00fcseyin el Cenubi ve Sean el Esvad b\u00f6lgelerinde ter\u00f6ristlerin toplanma yerleri ve a\u011f\u0131r makineli silahlarla donat\u0131lm\u0131\u015f pikap ara\u00e7lar\u0131n\u0131 imha ettiklerini belirtti"},"content":{"rendered":"<p>Askeri kaynak; ordu birliklerimizin Homs k\u0131rsal\u0131n\u0131n kuzeyi Telbise B\u00f6lgesine d\u00fc\u015fen Ayn H\u00fcseyin el Cenubi ve Sean el Esvad b\u00f6lgelerinde ter\u00f6ristlerin toplanma yerleri ve a\u011f\u0131r makineli silahlarla donat\u0131lm\u0131\u015f pikap ara\u00e7lar\u0131n\u0131 imha ettiklerini belirtti<\/p>\n","protected":false},"excerpt":{"rendered":"<p>Askeri kaynak; ordu birliklerimizin Homs k\u0131rsal\u0131n\u0131n kuzeyi Telbise B\u00f6lgesine d\u00fc\u015fen Ayn H\u00fcseyin el Cenubi ve Sean el Esvad b\u00f6lgelerinde ter\u00f6ristlerin toplanma yerleri ve a\u011f\u0131r makineli silahlarla donat\u0131lm\u0131\u015f pikap ara\u00e7lar\u0131n\u0131 imha ettiklerini belirtti<\/p>\n","protected":false},"author":1,"featured_media":0,"comment_status":"closed","ping_status":"closed","sticky":false,"template":"","format":"standard","meta":{"footnotes":""},"categories":[17991],"tags":[],"class_list":["post-90748","post","type-post","status-publish","format-standard","","category-son-dakika"],"_links":{"self":[{"href":"https:\/\/archive.sana.sy\/tr\/index.php?rest_route=\/wp\/v2\/posts\/90748","targetHints":{"allow":["GET"]}}],"collection":[{"href":"https:\/\/archive.sana.sy\/tr\/index.php?rest_route=\/wp\/v2\/posts"}],"about":[{"href":"https:\/\/archive.sana.sy\/tr\/index.php?rest_route=\/wp\/v2\/types\/post"}],"author":[{"embeddable":true,"href":"https:\/\/archive.sana.sy\/tr\/index.php?rest_route=\/wp\/v2\/users\/1"}],"replies":[{"embeddable":true,"href":"https:\/\/archive.sana.sy\/tr\/index.php?rest_route=%2Fwp%2Fv2%2Fcomments&post=90748"}],"version-history":[{"count":0,"href":"https:\/\/archive.sana.sy\/tr\/index.php?rest_route=\/wp\/v2\/posts\/90748\/revisions"}],"wp:attachment":[{"href":"https:\/\/archive.sana.sy\/tr\/index.php?rest_route=%2Fwp%2Fv2%2Fmedia&parent=90748"}],"wp:term":[{"taxonomy":"category","embeddable":true,"href":"https:\/\/archive.sana.sy\/tr\/index.php?rest_route=%2Fwp%2Fv2%2Fcategories&post=90748"},{"taxonomy":"post_tag","embeddable":true,"href":"https:\/\/archive.sana.sy\/tr\/index.php?rest_route=%2Fwp%2Fv2%2Ftags&post=90748"}],"curies":[{"name":"wp","href":"https:\/\/api.w.org\/{rel}","templated":true}]}}