{"id":90760,"date":"2016-10-10T12:13:17","date_gmt":"2016-10-10T09:13:17","guid":{"rendered":"http:\/\/www.sana.sy\/tr\/?p=90760"},"modified":"2016-10-10T12:13:17","modified_gmt":"2016-10-10T09:13:17","slug":"suudi-rejiminin-yemenin-baskenti-sanada-gerceklestirdigi-katliamda-olu-yarali-sayisi-656yi-buldu","status":"publish","type":"post","link":"https:\/\/archive.sana.sy\/tr\/?p=90760","title":{"rendered":"Suudi rejiminin Yemen\u2019\u0130n ba\u015fkenti Sana\u2019da ger\u00e7ekle\u015ftirdi\u011fi katliamda \u00f6l\u00fc yaral\u0131 say\u0131s\u0131 656\u2019y\u0131 buldu"},"content":{"rendered":"<p>Suudi rejiminin Yemen\u2019\u0130n ba\u015fkenti Sana\u2019da ger\u00e7ekle\u015ftirdi\u011fi katliamda \u00f6l\u00fc yaral\u0131 say\u0131s\u0131 656\u2019y\u0131 buldu<\/p>\n<p>https:\/\/www.youtube.com\/watch?v=amTY784eFlA<\/p>\n","protected":false},"excerpt":{"rendered":"<p>Suudi rejiminin Yemen\u2019\u0130n ba\u015fkenti Sana\u2019da ger\u00e7ekle\u015ftirdi\u011fi katliamda \u00f6l\u00fc yaral\u0131 say\u0131s\u0131 656\u2019y\u0131 buldu https:\/\/www.youtube.com\/watch?v=amTY784eFlA<\/p>\n","protected":false},"author":1,"featured_media":90761,"comment_status":"closed","ping_status":"closed","sticky":false,"template":"","format":"standard","meta":{"footnotes":""},"categories":[18295],"tags":[],"class_list":["post-90760","post","type-post","status-publish","format-standard","has-post-thumbnail","","category-sana-video"],"_links":{"self":[{"href":"https:\/\/archive.sana.sy\/tr\/index.php?rest_route=\/wp\/v2\/posts\/90760","targetHints":{"allow":["GET"]}}],"collection":[{"href":"https:\/\/archive.sana.sy\/tr\/index.php?rest_route=\/wp\/v2\/posts"}],"about":[{"href":"https:\/\/archive.sana.sy\/tr\/index.php?rest_route=\/wp\/v2\/types\/post"}],"author":[{"embeddable":true,"href":"https:\/\/archive.sana.sy\/tr\/index.php?rest_route=\/wp\/v2\/users\/1"}],"replies":[{"embeddable":true,"href":"https:\/\/archive.sana.sy\/tr\/index.php?rest_route=%2Fwp%2Fv2%2Fcomments&post=90760"}],"version-history":[{"count":0,"href":"https:\/\/archive.sana.sy\/tr\/index.php?rest_route=\/wp\/v2\/posts\/90760\/revisions"}],"wp:featuredmedia":[{"embeddable":true,"href":"https:\/\/archive.sana.sy\/tr\/index.php?rest_route=\/wp\/v2\/media\/90761"}],"wp:attachment":[{"href":"https:\/\/archive.sana.sy\/tr\/index.php?rest_route=%2Fwp%2Fv2%2Fmedia&parent=90760"}],"wp:term":[{"taxonomy":"category","embeddable":true,"href":"https:\/\/archive.sana.sy\/tr\/index.php?rest_route=%2Fwp%2Fv2%2Fcategories&post=90760"},{"taxonomy":"post_tag","embeddable":true,"href":"https:\/\/archive.sana.sy\/tr\/index.php?rest_route=%2Fwp%2Fv2%2Ftags&post=90760"}],"curies":[{"name":"wp","href":"https:\/\/api.w.org\/{rel}","templated":true}]}}