{"id":90808,"date":"2016-10-10T11:00:56","date_gmt":"2016-10-10T08:00:56","guid":{"rendered":"http:\/\/www.sana.sy\/tr\/?p=90808"},"modified":"2016-10-11T14:01:21","modified_gmt":"2016-10-11T11:01:21","slug":"suveyda-ilinde-karayollari-sebekesi-iyilestiriliyor","status":"publish","type":"post","link":"https:\/\/archive.sana.sy\/tr\/?p=90808","title":{"rendered":"S\u00fcveyda \u0130linde Karayollar\u0131 \u015eebekesi \u0130yile\u015ftiriliyor"},"content":{"rendered":"<p>S\u00dcVEYDA \u2013 Karayollar\u0131 Kamu Kurumu mevcut t\u00fcm zor ko\u015fullara ra\u011fmen muhtelif b\u00f6lgelerde karayollar\u0131 durumunun iyile\u015ftirilmesi \u00e7abas\u0131yla S\u00fcveyda \u0130linde 1 milyar 300 milyon lira maliyetinde 10 yol projesini hayata ge\u00e7iriyor.<\/p>\n<p>S\u00fcveyda il Karayollar\u0131 M\u00fcd\u00fcr\u00fc \u015eamil el Dabel projelerin bir k\u0131sm\u0131n\u0131n bitim a\u015famas\u0131na geldi\u011fini, bir k\u0131sm\u0131n\u0131n bitti\u011fini ifade ederken, onlarca kilometrelik yeni yollar\u0131n a\u00e7\u0131ld\u0131\u011f\u0131n\u0131, onlarcas\u0131n\u0131n da onar\u0131ld\u0131\u011f\u0131n\u0131 kaydetti. Dabel S\u00fcveyda \u0130linde ge\u00e7en iki y\u0131l ve \u00f6n\u00fcm\u00fczdeki y\u0131l i\u00e7inde yeni yollar a\u00e7ma ve eski yollar\u0131 onarma amac\u0131yla ayr\u0131lan b\u00fct\u00e7enin 1,842 milyar lira oldu\u011funu kaydetti.<\/p>\n","protected":false},"excerpt":{"rendered":"<p>S\u00dcVEYDA \u2013 Karayollar\u0131 Kamu Kurumu mevcut t\u00fcm zor ko\u015fullara ra\u011fmen muhtelif b\u00f6lgelerde karayollar\u0131 durumunun iyile\u015ftirilmesi \u00e7abas\u0131yla S\u00fcveyda \u0130linde 1 milyar 300 milyon lira maliyetinde 10 yol projesini hayata ge\u00e7iriyor. S\u00fcveyda il Karayollar\u0131 M\u00fcd\u00fcr\u00fc \u015eamil el Dabel projelerin bir k\u0131sm\u0131n\u0131n bitim a\u015famas\u0131na geldi\u011fini, bir k\u0131sm\u0131n\u0131n bitti\u011fini ifade ederken, onlarca kilometrelik yeni yollar\u0131n a\u00e7\u0131ld\u0131\u011f\u0131n\u0131, onlarcas\u0131n\u0131n da onar\u0131ld\u0131\u011f\u0131n\u0131 &hellip;<\/p>\n","protected":false},"author":1,"featured_media":90809,"comment_status":"closed","ping_status":"closed","sticky":false,"template":"","format":"standard","meta":{"footnotes":""},"categories":[485,486,17988],"tags":[24517,24518],"class_list":["post-90808","post","type-post","status-publish","format-standard","has-post-thumbnail","","category-is-ve-sermaye","category-haberler-is-ve-sermaye","category-son-haberler","tag-karayollari-mudurlugu","tag-suriyede-karayollari"],"_links":{"self":[{"href":"https:\/\/archive.sana.sy\/tr\/index.php?rest_route=\/wp\/v2\/posts\/90808","targetHints":{"allow":["GET"]}}],"collection":[{"href":"https:\/\/archive.sana.sy\/tr\/index.php?rest_route=\/wp\/v2\/posts"}],"about":[{"href":"https:\/\/archive.sana.sy\/tr\/index.php?rest_route=\/wp\/v2\/types\/post"}],"author":[{"embeddable":true,"href":"https:\/\/archive.sana.sy\/tr\/index.php?rest_route=\/wp\/v2\/users\/1"}],"replies":[{"embeddable":true,"href":"https:\/\/archive.sana.sy\/tr\/index.php?rest_route=%2Fwp%2Fv2%2Fcomments&post=90808"}],"version-history":[{"count":0,"href":"https:\/\/archive.sana.sy\/tr\/index.php?rest_route=\/wp\/v2\/posts\/90808\/revisions"}],"wp:featuredmedia":[{"embeddable":true,"href":"https:\/\/archive.sana.sy\/tr\/index.php?rest_route=\/wp\/v2\/media\/90809"}],"wp:attachment":[{"href":"https:\/\/archive.sana.sy\/tr\/index.php?rest_route=%2Fwp%2Fv2%2Fmedia&parent=90808"}],"wp:term":[{"taxonomy":"category","embeddable":true,"href":"https:\/\/archive.sana.sy\/tr\/index.php?rest_route=%2Fwp%2Fv2%2Fcategories&post=90808"},{"taxonomy":"post_tag","embeddable":true,"href":"https:\/\/archive.sana.sy\/tr\/index.php?rest_route=%2Fwp%2Fv2%2Ftags&post=90808"}],"curies":[{"name":"wp","href":"https:\/\/api.w.org\/{rel}","templated":true}]}}