{"id":90828,"date":"2016-10-10T12:00:21","date_gmt":"2016-10-10T09:00:21","guid":{"rendered":"http:\/\/www.sana.sy\/tr\/?p=90828"},"modified":"2016-10-11T14:01:17","modified_gmt":"2016-10-11T11:01:17","slug":"haseke-carsi-pazarlarinda-fiyat-dususu-kaydedildi","status":"publish","type":"post","link":"https:\/\/archive.sana.sy\/tr\/?p=90828","title":{"rendered":"Haseke \u00c7ar\u015f\u0131 Pazarlar\u0131nda Fiyat D\u00fc\u015f\u00fc\u015f\u00fc Kaydedildi"},"content":{"rendered":"<p>HASEKE \u2013 Haseke Kentinde g\u00fcvenlik ve istikrar\u0131n sa\u011flanmas\u0131yla birlikte Destekli Sat\u0131\u015f Kamu Kurumunun \u00e7abalar\u0131 sonucunda \u00e7ar\u015f\u0131 pazarlarda bir dizi t\u00fcketim \u00fcr\u00fcnlerinin fiyatlar\u0131nda d\u00fc\u015f\u00fc\u015f kaydedildi.<\/p>\n<p>\u0130\u00e7 Ticaret ve T\u00fcketiciyi Koruma Haseke \u0130l M\u00fcd\u00fcr\u00fc Gazi el Nas\u0131r SANA\u2019ya a\u00e7\u0131klamas\u0131nda bug\u00fcn Halep ve \u015eam\u2019dan kente muhtelif t\u00fcr g\u0131da ve t\u00fcketim maddelerinin Haseke\u2019ye g\u00f6nderilmesiyle fiyatlarda ciddi bir d\u00fc\u015f\u00fc\u015f kaydedildi\u011fini ifade etti. Nas\u0131r Menbic ve Ezaz \u00fczerinden Haseke yollar\u0131n\u0131n trafi\u011fe a\u00e7\u0131lmas\u0131n\u0131n Haseke Kentine ula\u015f\u0131m ve mal aktarma i\u015flemlerini kolayla\u015ft\u0131rd\u0131\u011f\u0131n\u0131 s\u00f6yledi.<\/p>\n<p>\u00d6zellikle et, pili\u00e7, sebze ve meyve fiyatlar\u0131n\u0131n \u00f6n\u00fcm\u00fczdeki s\u00fcre\u00e7 i\u00e7inde daha da d\u00fc\u015fmesi beklendi\u011fini ifade eden Nas\u0131r; fakat \u015fekerin az miktarda bulunmas\u0131yla hala fiyatlar\u0131n\u0131n biraz fazla oldu\u011funu kaydetti.<\/p>\n<p>Nas\u0131r \u00fcretiminde t\u00fcm gereksinimlerinin temin edilmesiyle Haseke\u2019de ekmek durumunun nitelik ve nicelik a\u00e7\u0131s\u0131ndan ciddi bir \u015fekilde d\u00fczeldi\u011fini belirtti.<\/p>\n<p>M\u00fcd\u00fcrl\u00fc\u011fe tabi devriyelerin s\u0131k ve yo\u011fun bir \u015fekilde piyasa denetiminde bulundu\u011funa dikkat \u00e7eken Nas\u0131r; Haseke ve ona tabi Kam\u0131\u015fl\u0131 kentlerinde kanunlara uymayanlara kar\u015f\u0131 kanuni i\u015flemler yap\u0131ld\u0131\u011f\u0131n\u0131 ifade etti.<\/p>\n<p>R.M.<\/p>\n","protected":false},"excerpt":{"rendered":"<p>HASEKE \u2013 Haseke Kentinde g\u00fcvenlik ve istikrar\u0131n sa\u011flanmas\u0131yla birlikte Destekli Sat\u0131\u015f Kamu Kurumunun \u00e7abalar\u0131 sonucunda \u00e7ar\u015f\u0131 pazarlarda bir dizi t\u00fcketim \u00fcr\u00fcnlerinin fiyatlar\u0131nda d\u00fc\u015f\u00fc\u015f kaydedildi. \u0130\u00e7 Ticaret ve T\u00fcketiciyi Koruma Haseke \u0130l M\u00fcd\u00fcr\u00fc Gazi el Nas\u0131r SANA\u2019ya a\u00e7\u0131klamas\u0131nda bug\u00fcn Halep ve \u015eam\u2019dan kente muhtelif t\u00fcr g\u0131da ve t\u00fcketim maddelerinin Haseke\u2019ye g\u00f6nderilmesiyle fiyatlarda ciddi bir d\u00fc\u015f\u00fc\u015f kaydedildi\u011fini &hellip;<\/p>\n","protected":false},"author":1,"featured_media":90829,"comment_status":"closed","ping_status":"closed","sticky":false,"template":"","format":"standard","meta":{"footnotes":""},"categories":[485,479,486,17988,478],"tags":[24530,24531,24534,24533,19174,24532],"class_list":["post-90828","post","type-post","status-publish","format-standard","has-post-thumbnail","","category-is-ve-sermaye","category-haberler-yerel","category-haberler-is-ve-sermaye","category-son-haberler","category-yerel","tag-haseke-carsi-pazarlarinda-fiyat-dususu-kaydedildi","tag-heseke","tag-ic-ticaret-ve-tuketiciyi-koruma-haseke-il-muduru-gazi-el-nasir","tag-ic-ticaret-ve-tuketiciyi-koruma-haseke-il-mudurulugu","tag-suriyede-son-durumlar","tag-suriyede-ekonomi-durumu"],"_links":{"self":[{"href":"https:\/\/archive.sana.sy\/tr\/index.php?rest_route=\/wp\/v2\/posts\/90828","targetHints":{"allow":["GET"]}}],"collection":[{"href":"https:\/\/archive.sana.sy\/tr\/index.php?rest_route=\/wp\/v2\/posts"}],"about":[{"href":"https:\/\/archive.sana.sy\/tr\/index.php?rest_route=\/wp\/v2\/types\/post"}],"author":[{"embeddable":true,"href":"https:\/\/archive.sana.sy\/tr\/index.php?rest_route=\/wp\/v2\/users\/1"}],"replies":[{"embeddable":true,"href":"https:\/\/archive.sana.sy\/tr\/index.php?rest_route=%2Fwp%2Fv2%2Fcomments&post=90828"}],"version-history":[{"count":0,"href":"https:\/\/archive.sana.sy\/tr\/index.php?rest_route=\/wp\/v2\/posts\/90828\/revisions"}],"wp:featuredmedia":[{"embeddable":true,"href":"https:\/\/archive.sana.sy\/tr\/index.php?rest_route=\/wp\/v2\/media\/90829"}],"wp:attachment":[{"href":"https:\/\/archive.sana.sy\/tr\/index.php?rest_route=%2Fwp%2Fv2%2Fmedia&parent=90828"}],"wp:term":[{"taxonomy":"category","embeddable":true,"href":"https:\/\/archive.sana.sy\/tr\/index.php?rest_route=%2Fwp%2Fv2%2Fcategories&post=90828"},{"taxonomy":"post_tag","embeddable":true,"href":"https:\/\/archive.sana.sy\/tr\/index.php?rest_route=%2Fwp%2Fv2%2Ftags&post=90828"}],"curies":[{"name":"wp","href":"https:\/\/api.w.org\/{rel}","templated":true}]}}