{"id":90854,"date":"2016-10-11T08:00:20","date_gmt":"2016-10-11T05:00:20","guid":{"rendered":"http:\/\/www.sana.sy\/tr\/?p=90854"},"modified":"2016-10-11T14:49:50","modified_gmt":"2016-10-11T11:49:50","slug":"putin-fransa-ziyaretini-iptal-etti","status":"publish","type":"post","link":"https:\/\/archive.sana.sy\/tr\/?p=90854","title":{"rendered":"Putin Fransa Ziyaretini \u0130ptal Etti"},"content":{"rendered":"<p>PAR\u0130S \u2013 Fransa ba\u015fkanl\u0131k saray\u0131nda bir kaynak Rusya Ba\u015fkan\u0131 Vladimir Putin\u2019in \u00f6n\u00fcm\u00fczdeki hafta Paris\u2019e d\u00fczenlemesi beklenen i\u015f ziyaretini iptal etti\u011fini ilan etti.<\/p>\n<p>Frans\u0131z kaynak Putin\u2019in, Fransa devlet ba\u015fkan\u0131 Fran\u00e7ois Hollande ile g\u00f6r\u00fc\u015fmelerinin Suriye&#8217;deki kriz konusunda s\u0131n\u0131rl\u0131 kalmas\u0131n\u0131 reddetmesinden dolay\u0131 Paris ziyaretini iptal etti\u011fini belirtti.<\/p>\n","protected":false},"excerpt":{"rendered":"<p>PAR\u0130S \u2013 Fransa ba\u015fkanl\u0131k saray\u0131nda bir kaynak Rusya Ba\u015fkan\u0131 Vladimir Putin\u2019in \u00f6n\u00fcm\u00fczdeki hafta Paris\u2019e d\u00fczenlemesi beklenen i\u015f ziyaretini iptal etti\u011fini ilan etti. Frans\u0131z kaynak Putin\u2019in, Fransa devlet ba\u015fkan\u0131 Fran\u00e7ois Hollande ile g\u00f6r\u00fc\u015fmelerinin Suriye&#8217;deki kriz konusunda s\u0131n\u0131rl\u0131 kalmas\u0131n\u0131 reddetmesinden dolay\u0131 Paris ziyaretini iptal etti\u011fini belirtti.<\/p>\n","protected":false},"author":1,"featured_media":90855,"comment_status":"closed","ping_status":"closed","sticky":false,"template":"","format":"standard","meta":{"footnotes":""},"categories":[458,459,17988],"tags":[24541,24540,16904],"class_list":["post-90854","post","type-post","status-publish","format-standard","has-post-thumbnail","","category-dunya1","category-haberler-arap-uluslararasi-politika","category-son-haberler","tag-fransa-baskanlik-sarayinda","tag-putin-fransa-ziyaretini-iptal-etti","tag-rusya-baskani-vladimir-putin"],"_links":{"self":[{"href":"https:\/\/archive.sana.sy\/tr\/index.php?rest_route=\/wp\/v2\/posts\/90854","targetHints":{"allow":["GET"]}}],"collection":[{"href":"https:\/\/archive.sana.sy\/tr\/index.php?rest_route=\/wp\/v2\/posts"}],"about":[{"href":"https:\/\/archive.sana.sy\/tr\/index.php?rest_route=\/wp\/v2\/types\/post"}],"author":[{"embeddable":true,"href":"https:\/\/archive.sana.sy\/tr\/index.php?rest_route=\/wp\/v2\/users\/1"}],"replies":[{"embeddable":true,"href":"https:\/\/archive.sana.sy\/tr\/index.php?rest_route=%2Fwp%2Fv2%2Fcomments&post=90854"}],"version-history":[{"count":0,"href":"https:\/\/archive.sana.sy\/tr\/index.php?rest_route=\/wp\/v2\/posts\/90854\/revisions"}],"wp:featuredmedia":[{"embeddable":true,"href":"https:\/\/archive.sana.sy\/tr\/index.php?rest_route=\/wp\/v2\/media\/90855"}],"wp:attachment":[{"href":"https:\/\/archive.sana.sy\/tr\/index.php?rest_route=%2Fwp%2Fv2%2Fmedia&parent=90854"}],"wp:term":[{"taxonomy":"category","embeddable":true,"href":"https:\/\/archive.sana.sy\/tr\/index.php?rest_route=%2Fwp%2Fv2%2Fcategories&post=90854"},{"taxonomy":"post_tag","embeddable":true,"href":"https:\/\/archive.sana.sy\/tr\/index.php?rest_route=%2Fwp%2Fv2%2Ftags&post=90854"}],"curies":[{"name":"wp","href":"https:\/\/api.w.org\/{rel}","templated":true}]}}