{"id":90892,"date":"2016-10-11T10:00:44","date_gmt":"2016-10-11T07:00:44","guid":{"rendered":"http:\/\/www.sana.sy\/tr\/?p=90892"},"modified":"2016-12-14T14:41:10","modified_gmt":"2016-12-14T12:41:10","slug":"havzalarindaki-esrar-ve-cabtagon-ile-yakayi-ele-verdiler","status":"publish","type":"post","link":"https:\/\/archive.sana.sy\/tr\/?p=90892","title":{"rendered":"Havzalar\u0131ndaki Esrar ve Cabtagon ile Yakay\u0131 Ele Verdiler"},"content":{"rendered":"<p>\u015eAM \u2013 Uyu\u015fturucuyla m\u00fccadele ekipleri, \u015eam\u2019da uyu\u015fturucu ticareti yapan iki \u015fah\u0131s\u0131 havzalar\u0131nda bulunan esrar ve cabtagon ile birlikte yakalad\u0131.<\/p>\n<p>\u0130\u00e7i\u015fleri Bakanl\u0131\u011f\u0131 yay\u0131nlad\u0131\u011f\u0131 b\u00fcltende; uyu\u015fturucuyla m\u00fccadele ekiplerinin soru\u015fturma ve takip operasyonu ard\u0131ndan uyu\u015fturucu ticareti yapan \u015fah\u0131slar\u0131n kulland\u0131\u011f\u0131 arac\u0131 \u00e7evirdi\u011fini kaydetti. B\u00fcltende arac\u0131n tefti\u015fe al\u0131nmas\u0131yla zulalar\u0131na sakl\u0131 olarak 25 kg esrar ve 2 bin adet cabtagon hap\u0131 ele ge\u00e7irildi\u011fine dikkat \u00e7ekilen b\u00fcltende \u015fah\u0131slar\u0131n mahkemeye sevk edildikleri ifade edildi.<\/p>\n<p>Kimi devletlerin \u2018\u0131l\u0131ml\u0131 muhalifler\u2019 ad\u0131 alt\u0131nda destekledi\u011fi ter\u00f6r \u00f6rg\u00fctleri saflar\u0131nsa yo\u011fun bir uyu\u015fturucu kullan\u0131m\u0131 bulunuyor.<\/p>\n","protected":false},"excerpt":{"rendered":"<p>\u015eAM \u2013 Uyu\u015fturucuyla m\u00fccadele ekipleri, \u015eam\u2019da uyu\u015fturucu ticareti yapan iki \u015fah\u0131s\u0131 havzalar\u0131nda bulunan esrar ve cabtagon ile birlikte yakalad\u0131. \u0130\u00e7i\u015fleri Bakanl\u0131\u011f\u0131 yay\u0131nlad\u0131\u011f\u0131 b\u00fcltende; uyu\u015fturucuyla m\u00fccadele ekiplerinin soru\u015fturma ve takip operasyonu ard\u0131ndan uyu\u015fturucu ticareti yapan \u015fah\u0131slar\u0131n kulland\u0131\u011f\u0131 arac\u0131 \u00e7evirdi\u011fini kaydetti. B\u00fcltende arac\u0131n tefti\u015fe al\u0131nmas\u0131yla zulalar\u0131na sakl\u0131 olarak 25 kg esrar ve 2 bin adet cabtagon hap\u0131 &hellip;<\/p>\n","protected":false},"author":1,"featured_media":90903,"comment_status":"closed","ping_status":"closed","sticky":false,"template":"","format":"standard","meta":{"footnotes":""},"categories":[485,486,479,17988,478],"tags":[],"class_list":["post-90892","post","type-post","status-publish","format-standard","has-post-thumbnail","","category-is-ve-sermaye","category-haberler-is-ve-sermaye","category-haberler-yerel","category-son-haberler","category-yerel"],"_links":{"self":[{"href":"https:\/\/archive.sana.sy\/tr\/index.php?rest_route=\/wp\/v2\/posts\/90892","targetHints":{"allow":["GET"]}}],"collection":[{"href":"https:\/\/archive.sana.sy\/tr\/index.php?rest_route=\/wp\/v2\/posts"}],"about":[{"href":"https:\/\/archive.sana.sy\/tr\/index.php?rest_route=\/wp\/v2\/types\/post"}],"author":[{"embeddable":true,"href":"https:\/\/archive.sana.sy\/tr\/index.php?rest_route=\/wp\/v2\/users\/1"}],"replies":[{"embeddable":true,"href":"https:\/\/archive.sana.sy\/tr\/index.php?rest_route=%2Fwp%2Fv2%2Fcomments&post=90892"}],"version-history":[{"count":0,"href":"https:\/\/archive.sana.sy\/tr\/index.php?rest_route=\/wp\/v2\/posts\/90892\/revisions"}],"wp:featuredmedia":[{"embeddable":true,"href":"https:\/\/archive.sana.sy\/tr\/index.php?rest_route=\/wp\/v2\/media\/90903"}],"wp:attachment":[{"href":"https:\/\/archive.sana.sy\/tr\/index.php?rest_route=%2Fwp%2Fv2%2Fmedia&parent=90892"}],"wp:term":[{"taxonomy":"category","embeddable":true,"href":"https:\/\/archive.sana.sy\/tr\/index.php?rest_route=%2Fwp%2Fv2%2Fcategories&post=90892"},{"taxonomy":"post_tag","embeddable":true,"href":"https:\/\/archive.sana.sy\/tr\/index.php?rest_route=%2Fwp%2Fv2%2Ftags&post=90892"}],"curies":[{"name":"wp","href":"https:\/\/api.w.org\/{rel}","templated":true}]}}