{"id":90936,"date":"2016-10-11T10:30:59","date_gmt":"2016-10-11T07:30:59","guid":{"rendered":"http:\/\/www.sana.sy\/tr\/?p=90936"},"modified":"2016-12-14T14:41:05","modified_gmt":"2016-12-14T12:41:05","slug":"seyh-ali-toplam-9-madalya-kazandi","status":"publish","type":"post","link":"https:\/\/archive.sana.sy\/tr\/?p=90936","title":{"rendered":"\u015eeyh Ali Toplam 9 Madalya Kazand\u0131"},"content":{"rendered":"<p>K\u0130YEV \u2013 Suriyeli gen\u00e7 sporcu Dina \u015eeyhali Tunus\u2019ta d\u00fczenlenen Arap Ritmik Jimnastik \u015eampiyonas\u0131 genel sonu\u00e7lar\u0131nda ikincili\u011fi kazand\u0131.<\/p>\n<p>\u015eeyhali \u015fampiyonlukta 5 alt\u0131n, 3 g\u00fcm\u00fc\u015f ve 1 bronz madalya kazand\u0131.<\/p>\n<p>Ukrayna\u2019da ikamet eden gurbet\u00e7imiz \u015eeyhali son olarak Ukrayna\u2019da d\u00fczenlenen ritmik jimnastik \u015fampiyonas\u0131nda alt\u0131n madalya olmak \u00fczere uluslar aras\u0131 bir\u00e7ok \u015fampiyonlukta \u00f6nemli ba\u015far\u0131lara imza atm\u0131\u015ft\u0131r.<\/p>\n<div id='gallery-1' class='gallery galleryid-90936 gallery-columns-3 gallery-size-thumbnail'><figure class='gallery-item'>\n\t\t\t<div class='gallery-icon landscape'>\n\t\t\t\t<a href='https:\/\/archive.sana.sy\/tr\/wp-content\/uploads\/2016\/10\/2-18.jpg'><img loading=\"lazy\" decoding=\"async\" width=\"150\" height=\"82\" src=\"https:\/\/archive.sana.sy\/tr\/wp-content\/uploads\/2016\/10\/2-18-150x82.jpg\" class=\"attachment-thumbnail size-thumbnail\" alt=\"\" srcset=\"https:\/\/archive.sana.sy\/tr\/wp-content\/uploads\/2016\/10\/2-18-150x82.jpg 150w, https:\/\/archive.sana.sy\/tr\/wp-content\/uploads\/2016\/10\/2-18-300x163.jpg 300w, https:\/\/archive.sana.sy\/tr\/wp-content\/uploads\/2016\/10\/2-18-768x418.jpg 768w, https:\/\/archive.sana.sy\/tr\/wp-content\/uploads\/2016\/10\/2-18-1024x557.jpg 1024w\" sizes=\"auto, (max-width: 150px) 100vw, 150px\" \/><\/a>\n\t\t\t<\/div><\/figure><figure class='gallery-item'>\n\t\t\t<div class='gallery-icon landscape'>\n\t\t\t\t<a href='https:\/\/archive.sana.sy\/tr\/wp-content\/uploads\/2016\/10\/0-3.jpg'><img loading=\"lazy\" decoding=\"async\" width=\"150\" height=\"95\" src=\"https:\/\/archive.sana.sy\/tr\/wp-content\/uploads\/2016\/10\/0-3-150x95.jpg\" class=\"attachment-thumbnail size-thumbnail\" alt=\"\" srcset=\"https:\/\/archive.sana.sy\/tr\/wp-content\/uploads\/2016\/10\/0-3-150x95.jpg 150w, https:\/\/archive.sana.sy\/tr\/wp-content\/uploads\/2016\/10\/0-3-300x190.jpg 300w, https:\/\/archive.sana.sy\/tr\/wp-content\/uploads\/2016\/10\/0-3-768x485.jpg 768w, https:\/\/archive.sana.sy\/tr\/wp-content\/uploads\/2016\/10\/0-3-1024x647.jpg 1024w\" sizes=\"auto, (max-width: 150px) 100vw, 150px\" \/><\/a>\n\t\t\t<\/div><\/figure><figure class='gallery-item'>\n\t\t\t<div class='gallery-icon portrait'>\n\t\t\t\t<a href='https:\/\/archive.sana.sy\/tr\/wp-content\/uploads\/2016\/10\/1-21.jpg'><img loading=\"lazy\" decoding=\"async\" width=\"113\" height=\"150\" src=\"https:\/\/archive.sana.sy\/tr\/wp-content\/uploads\/2016\/10\/1-21-113x150.jpg\" class=\"attachment-thumbnail size-thumbnail\" alt=\"\" srcset=\"https:\/\/archive.sana.sy\/tr\/wp-content\/uploads\/2016\/10\/1-21-113x150.jpg 113w, https:\/\/archive.sana.sy\/tr\/wp-content\/uploads\/2016\/10\/1-21-225x300.jpg 225w, https:\/\/archive.sana.sy\/tr\/wp-content\/uploads\/2016\/10\/1-21.jpg 720w\" sizes=\"auto, (max-width: 113px) 100vw, 113px\" \/><\/a>\n\t\t\t<\/div><\/figure>\n\t\t<\/div>\n\n","protected":false},"excerpt":{"rendered":"<p>K\u0130YEV \u2013 Suriyeli gen\u00e7 sporcu Dina \u015eeyhali Tunus\u2019ta d\u00fczenlenen Arap Ritmik Jimnastik \u015eampiyonas\u0131 genel sonu\u00e7lar\u0131nda ikincili\u011fi kazand\u0131. \u015eeyhali \u015fampiyonlukta 5 alt\u0131n, 3 g\u00fcm\u00fc\u015f ve 1 bronz madalya kazand\u0131. Ukrayna\u2019da ikamet eden gurbet\u00e7imiz \u015eeyhali son olarak Ukrayna\u2019da d\u00fczenlenen ritmik jimnastik \u015fampiyonas\u0131nda alt\u0131n madalya olmak \u00fczere uluslar aras\u0131 bir\u00e7ok \u015fampiyonlukta \u00f6nemli ba\u015far\u0131lara imza atm\u0131\u015ft\u0131r.<\/p>\n","protected":false},"author":1,"featured_media":90937,"comment_status":"closed","ping_status":"closed","sticky":false,"template":"","format":"standard","meta":{"footnotes":""},"categories":[498,17988,496],"tags":[20359,24561,24562,20360,24559,24560],"class_list":["post-90936","post","type-post","status-publish","format-standard","has-post-thumbnail","","category-dunya-turnuvalari","category-son-haberler","category-spor","tag-altin-madalya","tag-arap-sampiyonasi","tag-madalya","tag-milli-sporcumuz","tag-ritmik-jimnastik","tag-suriyeli-sporcu"],"_links":{"self":[{"href":"https:\/\/archive.sana.sy\/tr\/index.php?rest_route=\/wp\/v2\/posts\/90936","targetHints":{"allow":["GET"]}}],"collection":[{"href":"https:\/\/archive.sana.sy\/tr\/index.php?rest_route=\/wp\/v2\/posts"}],"about":[{"href":"https:\/\/archive.sana.sy\/tr\/index.php?rest_route=\/wp\/v2\/types\/post"}],"author":[{"embeddable":true,"href":"https:\/\/archive.sana.sy\/tr\/index.php?rest_route=\/wp\/v2\/users\/1"}],"replies":[{"embeddable":true,"href":"https:\/\/archive.sana.sy\/tr\/index.php?rest_route=%2Fwp%2Fv2%2Fcomments&post=90936"}],"version-history":[{"count":0,"href":"https:\/\/archive.sana.sy\/tr\/index.php?rest_route=\/wp\/v2\/posts\/90936\/revisions"}],"wp:featuredmedia":[{"embeddable":true,"href":"https:\/\/archive.sana.sy\/tr\/index.php?rest_route=\/wp\/v2\/media\/90937"}],"wp:attachment":[{"href":"https:\/\/archive.sana.sy\/tr\/index.php?rest_route=%2Fwp%2Fv2%2Fmedia&parent=90936"}],"wp:term":[{"taxonomy":"category","embeddable":true,"href":"https:\/\/archive.sana.sy\/tr\/index.php?rest_route=%2Fwp%2Fv2%2Fcategories&post=90936"},{"taxonomy":"post_tag","embeddable":true,"href":"https:\/\/archive.sana.sy\/tr\/index.php?rest_route=%2Fwp%2Fv2%2Ftags&post=90936"}],"curies":[{"name":"wp","href":"https:\/\/api.w.org\/{rel}","templated":true}]}}