{"id":90943,"date":"2016-10-11T09:00:54","date_gmt":"2016-10-11T06:00:54","guid":{"rendered":"http:\/\/www.sana.sy\/tr\/?p=90943"},"modified":"2016-12-14T14:41:14","modified_gmt":"2016-12-14T12:41:14","slug":"banyasta-cephane-yakalandi","status":"publish","type":"post","link":"https:\/\/archive.sana.sy\/tr\/?p=90943","title":{"rendered":"Banyas\u2019ta Cephane Yakaland\u0131"},"content":{"rendered":"<p>TARTUS \u2013 G\u00fcvenlik birimleri d\u00fcn Tartus iline tabi Banyas Kentinde ter\u00f6r \u00f6rg\u00fctlerin bir cephane deposuna bask\u0131n d\u00fczenledi.<\/p>\n<p>Tartus \u0130l Emniyet M\u00fcd\u00fcrl\u00fc\u011f\u00fcnde bir kaynak SANA\u2019ya a\u00e7\u0131klamas\u0131nda; gelen istihbarat bilgileri \u00fczerine ba\u015flat\u0131lan takip ve soru\u015fturma operasyonu ard\u0131ndan g\u00fcvenlik birimlerinin ter\u00f6ristlere ait gizli bir cephane deposunu bast\u0131klar\u0131n\u0131 kaydetti. Kaynak Banyas Kentinin K\u0131bbiyat Semtinde bir evin duvar\u0131 ard\u0131na gizlenen depoda muhtelif t\u00fcr silah ve b\u00fcy\u00fck miktarda m\u00fchimmat\u0131n yan\u0131 s\u0131ra ter\u00f6r eylemlerinde kullan\u0131lan bir dizi elektronik cihaz bulundu\u011funu a\u00e7\u0131klad\u0131.<\/p>\n<div id='gallery-1' class='gallery galleryid-90943 gallery-columns-2 gallery-size-medium'><figure class='gallery-item'>\n\t\t\t<div class='gallery-icon landscape'>\n\t\t\t\t<a href='https:\/\/archive.sana.sy\/tr\/wp-content\/uploads\/2016\/10\/3-16.jpg'><img loading=\"lazy\" decoding=\"async\" width=\"300\" height=\"199\" src=\"https:\/\/archive.sana.sy\/tr\/wp-content\/uploads\/2016\/10\/3-16-300x199.jpg\" class=\"attachment-medium size-medium\" alt=\"\" srcset=\"https:\/\/archive.sana.sy\/tr\/wp-content\/uploads\/2016\/10\/3-16-300x199.jpg 300w, https:\/\/archive.sana.sy\/tr\/wp-content\/uploads\/2016\/10\/3-16-150x99.jpg 150w, https:\/\/archive.sana.sy\/tr\/wp-content\/uploads\/2016\/10\/3-16-768x509.jpg 768w, https:\/\/archive.sana.sy\/tr\/wp-content\/uploads\/2016\/10\/3-16-1024x678.jpg 1024w, https:\/\/archive.sana.sy\/tr\/wp-content\/uploads\/2016\/10\/3-16-310x205.jpg 310w, https:\/\/archive.sana.sy\/tr\/wp-content\/uploads\/2016\/10\/3-16.jpg 1220w\" sizes=\"auto, (max-width: 300px) 100vw, 300px\" \/><\/a>\n\t\t\t<\/div><\/figure><figure class='gallery-item'>\n\t\t\t<div class='gallery-icon landscape'>\n\t\t\t\t<a href='https:\/\/archive.sana.sy\/tr\/wp-content\/uploads\/2016\/10\/4-12.jpg'><img loading=\"lazy\" decoding=\"async\" width=\"300\" height=\"200\" src=\"https:\/\/archive.sana.sy\/tr\/wp-content\/uploads\/2016\/10\/4-12-300x200.jpg\" class=\"attachment-medium size-medium\" alt=\"\" srcset=\"https:\/\/archive.sana.sy\/tr\/wp-content\/uploads\/2016\/10\/4-12-300x200.jpg 300w, https:\/\/archive.sana.sy\/tr\/wp-content\/uploads\/2016\/10\/4-12-150x100.jpg 150w, https:\/\/archive.sana.sy\/tr\/wp-content\/uploads\/2016\/10\/4-12-768x512.jpg 768w, https:\/\/archive.sana.sy\/tr\/wp-content\/uploads\/2016\/10\/4-12-1024x682.jpg 1024w, https:\/\/archive.sana.sy\/tr\/wp-content\/uploads\/2016\/10\/4-12.jpg 1280w\" sizes=\"auto, (max-width: 300px) 100vw, 300px\" \/><\/a>\n\t\t\t<\/div><\/figure><figure class='gallery-item'>\n\t\t\t<div class='gallery-icon landscape'>\n\t\t\t\t<a href='https:\/\/archive.sana.sy\/tr\/wp-content\/uploads\/2016\/10\/1-22.jpg'><img loading=\"lazy\" decoding=\"async\" width=\"300\" height=\"192\" src=\"https:\/\/archive.sana.sy\/tr\/wp-content\/uploads\/2016\/10\/1-22-300x192.jpg\" class=\"attachment-medium size-medium\" alt=\"\" srcset=\"https:\/\/archive.sana.sy\/tr\/wp-content\/uploads\/2016\/10\/1-22-300x192.jpg 300w, https:\/\/archive.sana.sy\/tr\/wp-content\/uploads\/2016\/10\/1-22-150x96.jpg 150w, https:\/\/archive.sana.sy\/tr\/wp-content\/uploads\/2016\/10\/1-22-768x492.jpg 768w, https:\/\/archive.sana.sy\/tr\/wp-content\/uploads\/2016\/10\/1-22-1024x657.jpg 1024w, https:\/\/archive.sana.sy\/tr\/wp-content\/uploads\/2016\/10\/1-22.jpg 1190w\" sizes=\"auto, (max-width: 300px) 100vw, 300px\" \/><\/a>\n\t\t\t<\/div><\/figure><figure class='gallery-item'>\n\t\t\t<div class='gallery-icon landscape'>\n\t\t\t\t<a href='https:\/\/archive.sana.sy\/tr\/wp-content\/uploads\/2016\/10\/2-19.jpg'><img loading=\"lazy\" decoding=\"async\" width=\"300\" height=\"200\" src=\"https:\/\/archive.sana.sy\/tr\/wp-content\/uploads\/2016\/10\/2-19-300x200.jpg\" class=\"attachment-medium size-medium\" alt=\"\" srcset=\"https:\/\/archive.sana.sy\/tr\/wp-content\/uploads\/2016\/10\/2-19-300x200.jpg 300w, https:\/\/archive.sana.sy\/tr\/wp-content\/uploads\/2016\/10\/2-19-150x100.jpg 150w, https:\/\/archive.sana.sy\/tr\/wp-content\/uploads\/2016\/10\/2-19-768x512.jpg 768w, https:\/\/archive.sana.sy\/tr\/wp-content\/uploads\/2016\/10\/2-19-1024x682.jpg 1024w, https:\/\/archive.sana.sy\/tr\/wp-content\/uploads\/2016\/10\/2-19.jpg 1280w\" sizes=\"auto, (max-width: 300px) 100vw, 300px\" \/><\/a>\n\t\t\t<\/div><\/figure>\n\t\t<\/div>\n\n<p>R.M.<\/p>\n","protected":false},"excerpt":{"rendered":"<p>TARTUS \u2013 G\u00fcvenlik birimleri d\u00fcn Tartus iline tabi Banyas Kentinde ter\u00f6r \u00f6rg\u00fctlerin bir cephane deposuna bask\u0131n d\u00fczenledi. Tartus \u0130l Emniyet M\u00fcd\u00fcrl\u00fc\u011f\u00fcnde bir kaynak SANA\u2019ya a\u00e7\u0131klamas\u0131nda; gelen istihbarat bilgileri \u00fczerine ba\u015flat\u0131lan takip ve soru\u015fturma operasyonu ard\u0131ndan g\u00fcvenlik birimlerinin ter\u00f6ristlere ait gizli bir cephane deposunu bast\u0131klar\u0131n\u0131 kaydetti. Kaynak Banyas Kentinin K\u0131bbiyat Semtinde bir evin duvar\u0131 ard\u0131na gizlenen &hellip;<\/p>\n","protected":false},"author":1,"featured_media":90944,"comment_status":"closed","ping_status":"closed","sticky":false,"template":"","format":"standard","meta":{"footnotes":""},"categories":[596,575,17988],"tags":[24563,15945,19174,22182,12172,24564,18346],"class_list":["post-90943","post","type-post","status-publish","format-standard","has-post-thumbnail","","category-fotografli-raporlar","category-olaylar-ve-gercekler","category-son-haberler","tag-banyasta-cephane-yakalandi","tag-ilimli-muhalifler","tag-suriyede-son-durumlar","tag-suriyede-savas","tag-tartus","tag-tartus-iline-tabi-banyas-kenti","tag-teror-orgutler"],"_links":{"self":[{"href":"https:\/\/archive.sana.sy\/tr\/index.php?rest_route=\/wp\/v2\/posts\/90943","targetHints":{"allow":["GET"]}}],"collection":[{"href":"https:\/\/archive.sana.sy\/tr\/index.php?rest_route=\/wp\/v2\/posts"}],"about":[{"href":"https:\/\/archive.sana.sy\/tr\/index.php?rest_route=\/wp\/v2\/types\/post"}],"author":[{"embeddable":true,"href":"https:\/\/archive.sana.sy\/tr\/index.php?rest_route=\/wp\/v2\/users\/1"}],"replies":[{"embeddable":true,"href":"https:\/\/archive.sana.sy\/tr\/index.php?rest_route=%2Fwp%2Fv2%2Fcomments&post=90943"}],"version-history":[{"count":0,"href":"https:\/\/archive.sana.sy\/tr\/index.php?rest_route=\/wp\/v2\/posts\/90943\/revisions"}],"wp:featuredmedia":[{"embeddable":true,"href":"https:\/\/archive.sana.sy\/tr\/index.php?rest_route=\/wp\/v2\/media\/90944"}],"wp:attachment":[{"href":"https:\/\/archive.sana.sy\/tr\/index.php?rest_route=%2Fwp%2Fv2%2Fmedia&parent=90943"}],"wp:term":[{"taxonomy":"category","embeddable":true,"href":"https:\/\/archive.sana.sy\/tr\/index.php?rest_route=%2Fwp%2Fv2%2Fcategories&post=90943"},{"taxonomy":"post_tag","embeddable":true,"href":"https:\/\/archive.sana.sy\/tr\/index.php?rest_route=%2Fwp%2Fv2%2Ftags&post=90943"}],"curies":[{"name":"wp","href":"https:\/\/api.w.org\/{rel}","templated":true}]}}