{"id":90997,"date":"2016-10-12T13:18:04","date_gmt":"2016-10-12T10:18:04","guid":{"rendered":"http:\/\/www.sana.sy\/tr\/?p=90997"},"modified":"2016-10-14T16:51:42","modified_gmt":"2016-10-14T13:51:42","slug":"muallim-bm-mukim-koordinatorunu-kabul-etti","status":"publish","type":"post","link":"https:\/\/archive.sana.sy\/tr\/?p=90997","title":{"rendered":"Muallim BM Mukim Koordinat\u00f6r\u00fcn\u00fc Kabul Etti"},"content":{"rendered":"<p>\u015eAM \u2013 Ba\u015fbakan Yard\u0131mc\u0131s\u0131 D\u0131\u015fi\u015fleri ve Gurbet\u00e7iler Bakan\u0131 Velid el Muallim bug\u00fcn sabah saatlerinde Ali el Zateri\u2019yi kabul ederek, Suriye Arap Cumhuriyetinde BM faaliyetleri mukim koordinat\u00f6r\u00fc olarak g\u00fcven mektubundan bir n\u00fcsha teslim ald\u0131.<\/p>\n<p>G\u00fcven mektubu n\u00fcshas\u0131n\u0131n tesliminden sonra yap\u0131lan g\u00f6r\u00fc\u015fmede Suriye ile BM ve Suriye&#8217;de mevcut ofisleri aras\u0131nda mevcut i\u015fbirli\u011fi y\u00f6nleri g\u00fcndeme getirildi.<\/p>\n<p>R.M.<\/p>\n","protected":false},"excerpt":{"rendered":"<p>\u015eAM \u2013 Ba\u015fbakan Yard\u0131mc\u0131s\u0131 D\u0131\u015fi\u015fleri ve Gurbet\u00e7iler Bakan\u0131 Velid el Muallim bug\u00fcn sabah saatlerinde Ali el Zateri\u2019yi kabul ederek, Suriye Arap Cumhuriyetinde BM faaliyetleri mukim koordinat\u00f6r\u00fc olarak g\u00fcven mektubundan bir n\u00fcsha teslim ald\u0131. G\u00fcven mektubu n\u00fcshas\u0131n\u0131n tesliminden sonra yap\u0131lan g\u00f6r\u00fc\u015fmede Suriye ile BM ve Suriye&#8217;de mevcut ofisleri aras\u0131nda mevcut i\u015fbirli\u011fi y\u00f6nleri g\u00fcndeme getirildi. R.M.<\/p>\n","protected":false},"author":1,"featured_media":89261,"comment_status":"closed","ping_status":"closed","sticky":false,"template":"","format":"standard","meta":{"footnotes":""},"categories":[479,17988,478],"tags":[24572,16772,23425,24571],"class_list":["post-90997","post","type-post","status-publish","format-standard","has-post-thumbnail","","category-haberler-yerel","category-son-haberler","category-yerel","tag-ali-el-zateri","tag-basbakan-yardimcisi-disisleri-ve-gurbetciler-bakani-velid-el-muallim","tag-guven-mektubu","tag-muallim-bm-mukim-koordinatorunu-kabul-etti"],"_links":{"self":[{"href":"https:\/\/archive.sana.sy\/tr\/index.php?rest_route=\/wp\/v2\/posts\/90997","targetHints":{"allow":["GET"]}}],"collection":[{"href":"https:\/\/archive.sana.sy\/tr\/index.php?rest_route=\/wp\/v2\/posts"}],"about":[{"href":"https:\/\/archive.sana.sy\/tr\/index.php?rest_route=\/wp\/v2\/types\/post"}],"author":[{"embeddable":true,"href":"https:\/\/archive.sana.sy\/tr\/index.php?rest_route=\/wp\/v2\/users\/1"}],"replies":[{"embeddable":true,"href":"https:\/\/archive.sana.sy\/tr\/index.php?rest_route=%2Fwp%2Fv2%2Fcomments&post=90997"}],"version-history":[{"count":0,"href":"https:\/\/archive.sana.sy\/tr\/index.php?rest_route=\/wp\/v2\/posts\/90997\/revisions"}],"wp:featuredmedia":[{"embeddable":true,"href":"https:\/\/archive.sana.sy\/tr\/index.php?rest_route=\/wp\/v2\/media\/89261"}],"wp:attachment":[{"href":"https:\/\/archive.sana.sy\/tr\/index.php?rest_route=%2Fwp%2Fv2%2Fmedia&parent=90997"}],"wp:term":[{"taxonomy":"category","embeddable":true,"href":"https:\/\/archive.sana.sy\/tr\/index.php?rest_route=%2Fwp%2Fv2%2Fcategories&post=90997"},{"taxonomy":"post_tag","embeddable":true,"href":"https:\/\/archive.sana.sy\/tr\/index.php?rest_route=%2Fwp%2Fv2%2Ftags&post=90997"}],"curies":[{"name":"wp","href":"https:\/\/api.w.org\/{rel}","templated":true}]}}