{"id":91002,"date":"2016-10-12T14:00:13","date_gmt":"2016-10-12T11:00:13","guid":{"rendered":"http:\/\/www.sana.sy\/tr\/?p=91002"},"modified":"2016-10-14T16:51:37","modified_gmt":"2016-10-14T13:51:37","slug":"gelisiguzel-saldirilarda-yine-cocuk-isabetleri-var","status":"publish","type":"post","link":"https:\/\/archive.sana.sy\/tr\/?p=91002","title":{"rendered":"Geli\u015fig\u00fczel Sald\u0131r\u0131larda Yine \u00c7ocuk \u0130sabetleri Var"},"content":{"rendered":"<p>\u0130LLER \u2013 Kad\u0131n \u00e7ocuk ya da ya\u015fl\u0131 demeden sivil vatanda\u015flar\u0131 evlerinde geli\u015fig\u00fczel olarak hedef almaya devam eden eli kanl\u0131 ter\u00f6ristler, bug\u00fcn de sivil yerle\u015fim alanlar\u0131na f\u00fcze sald\u0131r\u0131lar\u0131n\u0131 s\u00fcrd\u00fcrd\u00fc.<\/p>\n<p>\u015eam Emniyet M\u00fcd\u00fcrl\u00fc\u011f\u00fcnde bir kaynak SANA\u2019ya a\u00e7\u0131klamas\u0131nda; Do\u011fu \u011euta\u2019da bulunan \u2018Cey\u015ful \u0130slam\u2019 (\u0130slam Ordusu) adl\u0131 radikal ter\u00f6ristlerin \u015eam\u2019\u0131n sivil yerle\u015fim alanlar\u0131ndan Mezze 86 Semtini f\u00fczelerle hedef ald\u0131klar\u0131n\u0131 belirtti. Kaynak ter\u00f6r sald\u0131r\u0131s\u0131nda 5 ya\u015flar\u0131nda bir \u00e7ocu\u011fun yaraland\u0131\u011f\u0131n\u0131, vatanda\u015flar\u0131n evleri ve ara\u00e7lar\u0131nda maddi hasar\u0131n olu\u015ftu\u011funu kaydetti.<\/p>\n<p>Ter\u00f6ristlerin ayr\u0131ca Hamidiye ve Mezraa semtlerini de yine f\u00fczelerle hedef ald\u0131klar\u0131n\u0131 aktaran kaynak; buralarda \u015fans eseri be\u015feri isabetlerin olmad\u0131\u011f\u0131n\u0131, fakat \u00f6zel m\u00fclklerde ciddi hasar\u0131n meydana geldi\u011fini s\u00f6zlerine ekledi.<\/p>\n<p>Do\u011fu \u011euta\u2019da bulunan Nusra Cephesi, Cey\u015ful \u0130slam ve Feylak el Rahman adlar\u0131yla bilinen radikal ter\u00f6ristlerin d\u00fcn ba\u015fken \u015eam ve k\u0131rsal\u0131n\u0131n muhtelif sivil yerle\u015fim alanlar\u0131na geli\u015fig\u00fczel f\u00fcze sald\u0131r\u0131lar\u0131nda aralar\u0131nda \u00e7ocuk ve kad\u0131nlar\u0131n bulundu\u011fu 30 vatanda\u015f yaralanm\u0131\u015ft\u0131.<\/p>\n<p><span style=\"color: #0000ff\">HALEP:<\/span><\/p>\n<p>Halep Emniyet M\u00fcd\u00fcrl\u00fc\u011f\u00fcnde bir kaynak ise \u0130hvanc\u0131 Erdo\u011fan ve Vahhabi Al Suud rejimleri taras\u0131ndan desteklenen ve kimi bat\u0131l\u0131 devletlerce \u2018\u0131l\u0131ml\u0131 muhalifler\u2019 ad\u0131 verilen ter\u00f6ristlerin Halep Kentinin sivil yerle\u015fim alanlar\u0131ndan Men\u015fiye, \u015eeyh Taha ve Bostan el Pa\u015fa semtlerine f\u00fcze sald\u0131r\u0131lar\u0131n\u0131 bug\u00fcn de s\u00fcrd\u00fcklerini kaydetti.<\/p>\n<p>Gaddar ter\u00f6r sald\u0131r\u0131lar\u0131nda aralar\u0131nda kad\u0131n ve \u00e7ocuklar\u0131n bulundu\u011fu 5 vatanda\u015f\u0131n \u015fehit 13 vatanda\u015f\u0131n yaral\u0131 d\u00fc\u015ft\u00fc\u011f\u00fcn\u00fc ifade eden kaynak, \u00f6zel ve kamu m\u00fclklerde ciddi hasarlar\u0131n olu\u015ftu\u011funa dikkat \u00e7ekti.<\/p>\n<p>Halep Kentinin muhtelif yerlerinde bulunan ve Ahrar el \u015eam, Nurettin Zenki, T\u00fcrkistan \u0130slami Partisi, S\u00fcnni Ordusu, \u015eam Kolordusu ve daha ba\u015fka muhtelif isimler alt\u0131nda ter\u00f6r \u00f6rg\u00fctleri sivil yerle\u015fim alanlar\u0131n\u0131 geli\u015fig\u00fczel sald\u0131r\u0131larla hedef al\u0131p kad\u0131n ya\u015fl\u0131 \u00e7ocuk demeden her g\u00fcn kanl\u0131 vah\u015fetler i\u015flemelerine ra\u011fmen kimi devletler taraf\u0131ndan \u2018\u0131l\u0131ml\u0131 muhalifler\u2019 olarak adland\u0131r\u0131l\u0131yorlar.<\/p>\n","protected":false},"excerpt":{"rendered":"<p>\u0130LLER \u2013 Kad\u0131n \u00e7ocuk ya da ya\u015fl\u0131 demeden sivil vatanda\u015flar\u0131 evlerinde geli\u015fig\u00fczel olarak hedef almaya devam eden eli kanl\u0131 ter\u00f6ristler, bug\u00fcn de sivil yerle\u015fim alanlar\u0131na f\u00fcze sald\u0131r\u0131lar\u0131n\u0131 s\u00fcrd\u00fcrd\u00fc. \u015eam Emniyet M\u00fcd\u00fcrl\u00fc\u011f\u00fcnde bir kaynak SANA\u2019ya a\u00e7\u0131klamas\u0131nda; Do\u011fu \u011euta\u2019da bulunan \u2018Cey\u015ful \u0130slam\u2019 (\u0130slam Ordusu) adl\u0131 radikal ter\u00f6ristlerin \u015eam\u2019\u0131n sivil yerle\u015fim alanlar\u0131ndan Mezze 86 Semtini f\u00fczelerle hedef ald\u0131klar\u0131n\u0131 &hellip;<\/p>\n","protected":false},"author":1,"featured_media":91004,"comment_status":"closed","ping_status":"closed","sticky":false,"template":"","format":"standard","meta":{"footnotes":""},"categories":[479,575,17988,478],"tags":[3464,21046,21659,17274,24583,17273,13459,15945,24573,18174,19043,19034],"class_list":["post-91002","post","type-post","status-publish","format-standard","has-post-thumbnail","","category-haberler-yerel","category-olaylar-ve-gercekler","category-son-haberler","category-yerel","tag-nusra-cephesi","tag-ceysul-islam","tag-cocuklar-yaralandi","tag-fuze-saldirisi","tag-halep-emniyet-mudurlugunde-bir-kaynak-ise-ihvanci-erdogan","tag-havan-saldirisi","tag-islam-ordusu","tag-ilimli-muhalifler","tag-ramahn-kolordusu","tag-sivillere-saldiri","tag-suriyede-son-durum","tag-suriyeli-muhalifler"],"_links":{"self":[{"href":"https:\/\/archive.sana.sy\/tr\/index.php?rest_route=\/wp\/v2\/posts\/91002","targetHints":{"allow":["GET"]}}],"collection":[{"href":"https:\/\/archive.sana.sy\/tr\/index.php?rest_route=\/wp\/v2\/posts"}],"about":[{"href":"https:\/\/archive.sana.sy\/tr\/index.php?rest_route=\/wp\/v2\/types\/post"}],"author":[{"embeddable":true,"href":"https:\/\/archive.sana.sy\/tr\/index.php?rest_route=\/wp\/v2\/users\/1"}],"replies":[{"embeddable":true,"href":"https:\/\/archive.sana.sy\/tr\/index.php?rest_route=%2Fwp%2Fv2%2Fcomments&post=91002"}],"version-history":[{"count":0,"href":"https:\/\/archive.sana.sy\/tr\/index.php?rest_route=\/wp\/v2\/posts\/91002\/revisions"}],"wp:featuredmedia":[{"embeddable":true,"href":"https:\/\/archive.sana.sy\/tr\/index.php?rest_route=\/wp\/v2\/media\/91004"}],"wp:attachment":[{"href":"https:\/\/archive.sana.sy\/tr\/index.php?rest_route=%2Fwp%2Fv2%2Fmedia&parent=91002"}],"wp:term":[{"taxonomy":"category","embeddable":true,"href":"https:\/\/archive.sana.sy\/tr\/index.php?rest_route=%2Fwp%2Fv2%2Fcategories&post=91002"},{"taxonomy":"post_tag","embeddable":true,"href":"https:\/\/archive.sana.sy\/tr\/index.php?rest_route=%2Fwp%2Fv2%2Ftags&post=91002"}],"curies":[{"name":"wp","href":"https:\/\/api.w.org\/{rel}","templated":true}]}}