{"id":91166,"date":"2016-10-13T15:32:50","date_gmt":"2016-10-13T12:32:50","guid":{"rendered":"http:\/\/www.sana.sy\/tr\/?p=91166"},"modified":"2016-10-14T17:05:17","modified_gmt":"2016-10-14T14:05:17","slug":"ordu-birliklerimiz-kontrolleri-altindaki-bolgeleri-genisletiyor-6","status":"publish","type":"post","link":"https:\/\/archive.sana.sy\/tr\/?p=91166","title":{"rendered":"Ordu Birliklerimiz Kontrolleri Alt\u0131ndaki B\u00f6lgeleri Geni\u015fletiyor (video)"},"content":{"rendered":"<p>\u0130LLER \u2013 Kimi devletlerin radikal ter\u00f6re destek ve y\u00f6nlendirmelerde bulunduklar\u0131, adlar\u0131nda farkl\u0131 \u00f6zlerinde ayn\u0131 olan ter\u00f6r \u00f6rg\u00fctleri a\u011f\u0131r kay\u0131plara u\u011fratmaya devam eden ordu birliklerimiz bug\u00fcn kontrolleri alt\u0131ndaki b\u00f6lgeleri de geni\u015fletti.<\/p>\n<p><span style=\"color: #0000ff\">HAMA:<\/span><\/p>\n<p>Askeri kaynak SANA\u2019ya a\u00e7\u0131klamas\u0131nda hava g\u00fc\u00e7lerimizden destek alan ordu birliklerimizin bug\u00fcn Hama k\u0131rsal\u0131n\u0131n kuzeyinde Erdo\u011fan ve Al Suud rejimlerine tabi \u2018Cey\u015ful Fetih\u2019 (Fetih Ordusu) ad\u0131yla bilinen \u00e7okuluslu ter\u00f6r olu\u015fumundan ter\u00f6ristleri say\u0131 ve ekipmanlar\u0131yla ciddi kay\u0131plara u\u011fratt\u0131klar\u0131n\u0131 belirtti.<\/p>\n<p>Kaynak ordu birliklerimizin Mean K\u00f6y\u00fcn\u00fc az\u0131l\u0131 ter\u00f6ristlerden temizleyip kontrol\u00fcne almalar\u0131yla ahalisinin can ve mal g\u00fcvenli\u011fini temin ettiklerini kaydetti.<\/p>\n<p>G\u00fcn\u00fcn erken saatlerinde ise kaynak hava g\u00fc\u00e7lerimizin Hama k\u0131rsal\u0131n\u0131n kuzeyi T\u0131ybat el \u0130mam ve civar\u0131, Suran ve civarlar\u0131, Meardes, Morik, Tlul el Humr, Tel Bzam, Tel Zater\u2019in kuzeyi, Kfarzeyta, Skik, Tel Hveyr, At\u015fan, Tel Teri, Hasraya ve Latamina b\u00f6lgelerinde \u2018Cey\u015ful \u0130slam\u2019\u0131n karargahlar\u0131, toplanma yerleri, cephane depolar\u0131 ve ara\u00e7 konvoylar\u0131n\u0131 imha ettiklerini belirtti. Hava operasyonlar\u0131nda bir k\u0131sm\u0131 a\u011f\u0131r silahlarla donat\u0131lm\u0131\u015f, bir k\u0131sm\u0131 da z\u0131rhl\u0131 olan \u00e7ok say\u0131da arac\u0131n y\u00fckleriyle birlikte imha edildiklerini kaydeden kaynak, aralar\u0131nda yabanc\u0131 ve az\u0131l\u0131 eleba\u015flar\u0131n bulundu\u011fu olduk\u00e7a y\u00fcksek say\u0131da ter\u00f6ristin \u00f6ld\u00fcr\u00fcld\u00fc\u011f\u00fcn\u00fc s\u00f6yledi.<\/p>\n<p>Hama \u0130linin g\u00fcneyi Selemiye Kentinin g\u00fcneybat\u0131s\u0131nda Knaytrat Beldesinden Hneyfis Beldesinde s\u0131zmaya \u00e7al\u0131\u015fan bir ter\u00f6r grubunun ordu birliklerimiz taraf\u0131ndan pusuya d\u00fc\u015f\u00fcr\u00fcld\u00fc\u011f\u00fcn\u00fc belirten kaynak, gruptaki \u00fcyelerin ara\u00e7 ve silahlar\u0131yla etkisizle\u015ftirildiklerini ifade etti.<\/p>\n<p>https:\/\/www.youtube.com\/watch?v=Z0BcFlfEJXs<\/p>\n<p><span style=\"color: #0000ff\">\u0130DL\u0130B:<\/span><\/p>\n<p>\u0130dlib k\u0131rsal\u0131nda da \u2018Cey\u015ful Fetih\u2019 adl\u0131 \u00e7okuluslu ter\u00f6ristlere y\u00f6nelik operasyonlar\u0131n ba\u015far\u0131yla devam etti\u011fini kaydeden askeri kaynak; hava g\u00fc\u00e7lerimizin il k\u0131rsal\u0131n\u0131n g\u00fcneyi ve bat\u0131s\u0131nda yer alan Gassaniye, Cisre\u015f\u015fu\u011fur, Teybat, Han \u015eeyhun, Merc el Ahdar ve Kfar Secna b\u00f6lgelerinde Nusra Cephesi ve ve ona tabi ter\u00f6r \u00f6rg\u00fctlerin karargahlar\u0131n\u0131 ve hareket eksenlerini imha ettiklerini belirtti.<\/p>\n<p>Operasyonlarda bir\u00e7ok ara\u00e7 ve b\u00fcy\u00fck miktarda cephanenin imha edildi\u011fini kaydeden kaynak, \u00f6ld\u00fcr\u00fclen ter\u00f6ristler aras\u0131nda saha komutanlar\u0131n\u0131n bulundu\u011funa dikkat \u00e7ekti.<\/p>\n<p><span style=\"color: #0000ff\">LAZK\u0130YE:<\/span><\/p>\n<p>Lazkiye k\u0131rsal\u0131nda T\u00fcrkiye s\u0131n\u0131rlar\u0131ndan s\u0131zan ve Erdo\u011fan rejimi taraf\u0131ndan destek ve komuta alan ter\u00f6ristlere y\u00f6nelik operasyonlarda askeri kaynak hava g\u00fc\u00e7lerimizin 1154 ve 1112 noktalar\u0131n\u0131n yan\u0131 s\u0131ra Kebbane ve DAhr Kefar Sendo b\u00f6lgelerinde ter\u00f6ristlerin mevkilerini yo\u011fun ate\u015fe tuttuklar\u0131n\u0131 kaydetti.<\/p>\n<p>Hava operasyonlar\u0131nda aralar\u0131nda onlarca ter\u00f6ristin \u00f6ld\u00fcr\u00fcld\u00fc\u011f\u00fcn\u00fc belirten kaynak, bir k\u0131sm\u0131 a\u011f\u0131r silahlarla donat\u0131lm\u0131\u015f bir\u00e7ok ara\u00e7 ve top rampalar\u0131n\u0131n ter\u00f6rist ekipleriyle birlikte yok edildiklerini aktard\u0131.<\/p>\n<p><span style=\"color: #0000ff\">HALEP:<\/span><\/p>\n<p>Bu arada askeri kaynak ordu birliklerimizin Halep k\u0131rsal\u0131n\u0131n g\u00fcneyinde \u2018Cey\u015ful Fetih\u2019 adl\u0131 \u00e7okuluslu ter\u00f6r olu\u015fumunun bile\u015fenlerini olu\u015fturan ter\u00f6ristlerin Bazo Tepsinin yan\u0131 s\u0131ra il k\u0131rsal\u0131n\u0131n g\u00fcneyinde hareket eksenleri ve mevkilerini yo\u011fun ate\u015fe tuttuklar\u0131n\u0131 belirtti.<\/p>\n<p>Kaynak operasyonlarda 2 tank ve 1 z\u0131rhl\u0131 arac\u0131n yan\u0131 s\u0131ra a\u011f\u0131r silahlarla donat\u0131lm\u0131\u015f bir\u00e7ok ara\u00e7la birlikte \u00e7ok say\u0131da ter\u00f6ristin etkisiz hale getirildiklerini s\u00f6yledi.<\/p>\n<p><span style=\"color: #0000ff\">HOMS:<\/span><\/p>\n<p>Bu arada SANA\u2019ya a\u00e7\u0131klamas\u0131nda askeri kaynak hava g\u00fc\u00e7lerimizin Homs k\u0131rsal\u0131n\u0131n do\u011fusu Tedmur civar\u0131 ve \u015eair Do\u011falgaz Sahas\u0131 yak\u0131nlar\u0131nda I\u015e\u0130D\u2019in z\u0131rhl\u0131 ara\u00e7lar\u0131, a\u011f\u0131r makineli silahlarla donat\u0131lm\u0131\u015f pikaplar\u0131n\u0131 ve toplanma mevkilerini yo\u011fun ate\u015fe tutarak bu radikal \u00e7eteleri say\u0131 ve ara\u00e7lar\u0131yla b\u00fcy\u00fck kay\u0131plara u\u011fratt\u0131klar\u0131n\u0131 s\u00f6yledi.<\/p>\n<p><span style=\"color: #0000ff\">DEYREZZOR:<\/span><\/p>\n<p>\u00d6te yandan ordu birliklerimizin Deyrezzor Havaliman\u0131 civarlar\u0131nda bir k\u0131s\u0131m devletler taraf\u0131ndan destek alan I\u015e\u0130D\u2019li radikal ter\u00f6ristlerle \u015fiddetli \u00e7at\u0131\u015fmalara girdiklerini aktaran kaynak il k\u0131rsal\u0131n\u0131n muhtelif b\u00f6lgelerinde de ya\u015fanan benzer \u00e7at\u0131\u015fmalarda radikal ter\u00f6ristlerin say\u0131 ve ekipmanlar\u0131yla b\u00fcy\u00fck kay\u0131plara u\u011frat\u0131ld\u0131klar\u0131n\u0131 s\u00f6yledi.<\/p>\n<p><span style=\"color: #0000ff\">DERA:<\/span><\/p>\n<p>Dera\u2019da i\u015fgalci \u0130srail\u2019den destek alan Nusra Cephesi ve m\u00fcttefikleri di\u011fer ter\u00f6r gruplara kar\u015f\u0131 operasyonlar kapsam\u0131nda ise askeri kaynak ordu birliklerimizin Dera Beled ve Dera Mahatta b\u00f6lgelerinin yan\u0131 s\u0131ra Nuayme ve Yaduda beldeleri kenarlar\u0131nda bu ter\u00f6r \u00f6rg\u00fctlerin toplanma yerleri ve hareketlenmelerini yo\u011fun ate\u015fe tuttuklar\u0131n\u0131 aktard\u0131.<\/p>\n","protected":false},"excerpt":{"rendered":"<p>\u0130LLER \u2013 Kimi devletlerin radikal ter\u00f6re destek ve y\u00f6nlendirmelerde bulunduklar\u0131, adlar\u0131nda farkl\u0131 \u00f6zlerinde ayn\u0131 olan ter\u00f6r \u00f6rg\u00fctleri a\u011f\u0131r kay\u0131plara u\u011fratmaya devam eden ordu birliklerimiz bug\u00fcn kontrolleri alt\u0131ndaki b\u00f6lgeleri de geni\u015fletti. HAMA: Askeri kaynak SANA\u2019ya a\u00e7\u0131klamas\u0131nda hava g\u00fc\u00e7lerimizden destek alan ordu birliklerimizin bug\u00fcn Hama k\u0131rsal\u0131n\u0131n kuzeyinde Erdo\u011fan ve Al Suud rejimlerine tabi \u2018Cey\u015ful Fetih\u2019 (Fetih Ordusu) &hellip;<\/p>\n","protected":false},"author":1,"featured_media":91169,"comment_status":"closed","ping_status":"closed","sticky":false,"template":"","format":"standard","meta":{"footnotes":""},"categories":[575,17988],"tags":[3464,18365,23799,18237,18576,2318,24596,23433,18347,20391,11549,19043,22182,19034],"class_list":["post-91166","post","type-post","status-publish","format-standard","has-post-thumbnail","","category-olaylar-ve-gercekler","category-son-haberler","tag-nusra-cephesi","tag-ahrar-el-sam","tag-ceysul-fetih","tag-cihatcilar","tag-daes","tag-isid","tag-ilmli-muhalifler","tag-mutedil-muhalifler","tag-oso","tag-silahli-gruplar","tag-suriye-ordusu","tag-suriyede-son-durum","tag-suriyede-savas","tag-suriyeli-muhalifler"],"_links":{"self":[{"href":"https:\/\/archive.sana.sy\/tr\/index.php?rest_route=\/wp\/v2\/posts\/91166","targetHints":{"allow":["GET"]}}],"collection":[{"href":"https:\/\/archive.sana.sy\/tr\/index.php?rest_route=\/wp\/v2\/posts"}],"about":[{"href":"https:\/\/archive.sana.sy\/tr\/index.php?rest_route=\/wp\/v2\/types\/post"}],"author":[{"embeddable":true,"href":"https:\/\/archive.sana.sy\/tr\/index.php?rest_route=\/wp\/v2\/users\/1"}],"replies":[{"embeddable":true,"href":"https:\/\/archive.sana.sy\/tr\/index.php?rest_route=%2Fwp%2Fv2%2Fcomments&post=91166"}],"version-history":[{"count":0,"href":"https:\/\/archive.sana.sy\/tr\/index.php?rest_route=\/wp\/v2\/posts\/91166\/revisions"}],"wp:featuredmedia":[{"embeddable":true,"href":"https:\/\/archive.sana.sy\/tr\/index.php?rest_route=\/wp\/v2\/media\/91169"}],"wp:attachment":[{"href":"https:\/\/archive.sana.sy\/tr\/index.php?rest_route=%2Fwp%2Fv2%2Fmedia&parent=91166"}],"wp:term":[{"taxonomy":"category","embeddable":true,"href":"https:\/\/archive.sana.sy\/tr\/index.php?rest_route=%2Fwp%2Fv2%2Fcategories&post=91166"},{"taxonomy":"post_tag","embeddable":true,"href":"https:\/\/archive.sana.sy\/tr\/index.php?rest_route=%2Fwp%2Fv2%2Ftags&post=91166"}],"curies":[{"name":"wp","href":"https:\/\/api.w.org\/{rel}","templated":true}]}}