{"id":91187,"date":"2016-10-13T15:54:04","date_gmt":"2016-10-13T12:54:04","guid":{"rendered":"http:\/\/www.sana.sy\/tr\/?p=91187"},"modified":"2016-10-14T16:46:04","modified_gmt":"2016-10-14T13:46:04","slug":"yaslilara-onur-toreni-duzenlendi","status":"publish","type":"post","link":"https:\/\/archive.sana.sy\/tr\/?p=91187","title":{"rendered":"Ya\u015fl\u0131lara Onur T\u00f6reni D\u00fczenlendi"},"content":{"rendered":"<p>HOMS \u2013 Sa\u011fl\u0131k Bakanl\u0131\u011f\u0131 D\u00fcnya Ya\u015fl\u0131lar G\u00fcn\u00fc m\u00fcnasebetiyle bug\u00fcn Sefir Otelinde Homs Valili\u011finin i\u015fbirli\u011fi ile \u2018Ne Y\u00fcz\u00fcm\u00fczdeki \u00c7izgiler, Ne de Sa\u00e7lar\u0131m\u0131zdaki Beyazlar Ya\u015fam\u0131n \u0130radesini Durduramaz\u2019 slogan\u0131 alt\u0131nda ya\u015fl\u0131lar\u0131 onurland\u0131rma etkinli\u011fi d\u00fczenledi.<\/p>\n<p>Etkinli\u011fe kat\u0131lan Homs Valisi Telal el Berazi bir k\u0131s\u0131m ya\u015fl\u0131lar\u0131n sahip olduklar\u0131 \u00fcst\u00fcn deneyim ve yeteneklere dikkat \u00e7ekerken, bunlardan faydalan\u0131lmas\u0131 amac\u0131yla bu gibi etkinlilerin \u00e7al\u0131\u015ftaya d\u00f6n\u00fc\u015ft\u00fcr\u00fclmeleri gere\u011fini vurgulad\u0131. Berazi valili\u011fin ya\u015fl\u0131lara hizmet edecek ve daha sonra Suriye&#8217;nin farkl\u0131 b\u00f6lgelerinde benzeri kurulabilecek bir ya\u015fl\u0131lar kul\u00fcb\u00fc kurulmas\u0131na katk\u0131 sa\u011flamaya haz\u0131r oldu\u011funu s\u00f6yledi.<\/p>\n<p>Ya\u015fl\u0131lar\u0131 onurland\u0131rman\u0131n halk\u0131n asaletini ve Suriyeli ailenin k\u00fclt\u00fcr\u00fcn\u00fc yans\u0131tt\u0131\u011f\u0131n\u0131 ifade eden Berazi; muhtelif isimler alt\u0131nda faaliyet g\u00f6steren kamu kurumlar\u0131n ya\u015fl\u0131lara verdikleri hizmetlere \u0131\u015f\u0131k tuttu.<\/p>\n<p>Suriye Aile Kurumu Ba\u015fkan\u0131 Hedil el Esmer ise; ya\u015fl\u0131lara verilen hizmet ve esirgemenin nitelik ve nicelik a\u00e7\u0131s\u0131ndan peki\u015ftirilmesi amac\u0131yla geni\u015f kapsaml\u0131 bir strateji haz\u0131rland\u0131\u011f\u0131n\u0131, bu stratejinin de yak\u0131n bir s\u00fcre i\u00e7inde hayata ge\u00e7irilece\u011fini kaydetti.<\/p>\n<div id='gallery-1' class='gallery galleryid-91187 gallery-columns-3 gallery-size-thumbnail'><figure class='gallery-item'>\n\t\t\t<div class='gallery-icon landscape'>\n\t\t\t\t<a href='https:\/\/archive.sana.sy\/tr\/wp-content\/uploads\/2016\/10\/2-25.jpg'><img loading=\"lazy\" decoding=\"async\" width=\"150\" height=\"114\" src=\"https:\/\/archive.sana.sy\/tr\/wp-content\/uploads\/2016\/10\/2-25-150x114.jpg\" class=\"attachment-thumbnail size-thumbnail\" alt=\"\" srcset=\"https:\/\/archive.sana.sy\/tr\/wp-content\/uploads\/2016\/10\/2-25-150x114.jpg 150w, https:\/\/archive.sana.sy\/tr\/wp-content\/uploads\/2016\/10\/2-25-300x227.jpg 300w, https:\/\/archive.sana.sy\/tr\/wp-content\/uploads\/2016\/10\/2-25-768x582.jpg 768w, https:\/\/archive.sana.sy\/tr\/wp-content\/uploads\/2016\/10\/2-25-1024x776.jpg 1024w\" sizes=\"auto, (max-width: 150px) 100vw, 150px\" \/><\/a>\n\t\t\t<\/div><\/figure><figure class='gallery-item'>\n\t\t\t<div class='gallery-icon landscape'>\n\t\t\t\t<a href='https:\/\/archive.sana.sy\/tr\/wp-content\/uploads\/2016\/10\/3-21.jpg'><img loading=\"lazy\" decoding=\"async\" width=\"150\" height=\"115\" src=\"https:\/\/archive.sana.sy\/tr\/wp-content\/uploads\/2016\/10\/3-21-150x115.jpg\" class=\"attachment-thumbnail size-thumbnail\" alt=\"\" srcset=\"https:\/\/archive.sana.sy\/tr\/wp-content\/uploads\/2016\/10\/3-21-150x115.jpg 150w, https:\/\/archive.sana.sy\/tr\/wp-content\/uploads\/2016\/10\/3-21-300x229.jpg 300w, https:\/\/archive.sana.sy\/tr\/wp-content\/uploads\/2016\/10\/3-21-768x586.jpg 768w, https:\/\/archive.sana.sy\/tr\/wp-content\/uploads\/2016\/10\/3-21-1024x782.jpg 1024w\" sizes=\"auto, (max-width: 150px) 100vw, 150px\" \/><\/a>\n\t\t\t<\/div><\/figure><figure class='gallery-item'>\n\t\t\t<div class='gallery-icon landscape'>\n\t\t\t\t<a href='https:\/\/archive.sana.sy\/tr\/wp-content\/uploads\/2016\/10\/4-16.jpg'><img loading=\"lazy\" decoding=\"async\" width=\"150\" height=\"102\" src=\"https:\/\/archive.sana.sy\/tr\/wp-content\/uploads\/2016\/10\/4-16-150x102.jpg\" class=\"attachment-thumbnail size-thumbnail\" alt=\"\" srcset=\"https:\/\/archive.sana.sy\/tr\/wp-content\/uploads\/2016\/10\/4-16-150x102.jpg 150w, https:\/\/archive.sana.sy\/tr\/wp-content\/uploads\/2016\/10\/4-16-300x205.jpg 300w, https:\/\/archive.sana.sy\/tr\/wp-content\/uploads\/2016\/10\/4-16-768x524.jpg 768w, https:\/\/archive.sana.sy\/tr\/wp-content\/uploads\/2016\/10\/4-16-1024x699.jpg 1024w, https:\/\/archive.sana.sy\/tr\/wp-content\/uploads\/2016\/10\/4-16-110x75.jpg 110w\" sizes=\"auto, (max-width: 150px) 100vw, 150px\" \/><\/a>\n\t\t\t<\/div><\/figure><figure class='gallery-item'>\n\t\t\t<div class='gallery-icon landscape'>\n\t\t\t\t<a href='https:\/\/archive.sana.sy\/tr\/wp-content\/uploads\/2016\/10\/5-9.jpg'><img loading=\"lazy\" decoding=\"async\" width=\"150\" height=\"84\" src=\"https:\/\/archive.sana.sy\/tr\/wp-content\/uploads\/2016\/10\/5-9-150x84.jpg\" class=\"attachment-thumbnail size-thumbnail\" alt=\"\" srcset=\"https:\/\/archive.sana.sy\/tr\/wp-content\/uploads\/2016\/10\/5-9-150x84.jpg 150w, https:\/\/archive.sana.sy\/tr\/wp-content\/uploads\/2016\/10\/5-9-300x168.jpg 300w, https:\/\/archive.sana.sy\/tr\/wp-content\/uploads\/2016\/10\/5-9-768x430.jpg 768w, https:\/\/archive.sana.sy\/tr\/wp-content\/uploads\/2016\/10\/5-9-1024x574.jpg 1024w\" sizes=\"auto, (max-width: 150px) 100vw, 150px\" \/><\/a>\n\t\t\t<\/div><\/figure><figure class='gallery-item'>\n\t\t\t<div class='gallery-icon landscape'>\n\t\t\t\t<a href='https:\/\/archive.sana.sy\/tr\/wp-content\/uploads\/2016\/10\/6-11.jpg'><img loading=\"lazy\" decoding=\"async\" width=\"150\" height=\"110\" src=\"https:\/\/archive.sana.sy\/tr\/wp-content\/uploads\/2016\/10\/6-11-150x110.jpg\" class=\"attachment-thumbnail size-thumbnail\" alt=\"\" srcset=\"https:\/\/archive.sana.sy\/tr\/wp-content\/uploads\/2016\/10\/6-11-150x110.jpg 150w, https:\/\/archive.sana.sy\/tr\/wp-content\/uploads\/2016\/10\/6-11-300x220.jpg 300w, https:\/\/archive.sana.sy\/tr\/wp-content\/uploads\/2016\/10\/6-11-768x563.jpg 768w, https:\/\/archive.sana.sy\/tr\/wp-content\/uploads\/2016\/10\/6-11-1024x751.jpg 1024w\" sizes=\"auto, (max-width: 150px) 100vw, 150px\" \/><\/a>\n\t\t\t<\/div><\/figure><figure class='gallery-item'>\n\t\t\t<div class='gallery-icon landscape'>\n\t\t\t\t<a href='https:\/\/archive.sana.sy\/tr\/wp-content\/uploads\/2016\/10\/7-8.jpg'><img loading=\"lazy\" decoding=\"async\" width=\"150\" height=\"82\" src=\"https:\/\/archive.sana.sy\/tr\/wp-content\/uploads\/2016\/10\/7-8-150x82.jpg\" class=\"attachment-thumbnail size-thumbnail\" alt=\"\" srcset=\"https:\/\/archive.sana.sy\/tr\/wp-content\/uploads\/2016\/10\/7-8-150x82.jpg 150w, https:\/\/archive.sana.sy\/tr\/wp-content\/uploads\/2016\/10\/7-8-300x165.jpg 300w, https:\/\/archive.sana.sy\/tr\/wp-content\/uploads\/2016\/10\/7-8-768x422.jpg 768w, https:\/\/archive.sana.sy\/tr\/wp-content\/uploads\/2016\/10\/7-8-1024x563.jpg 1024w\" sizes=\"auto, (max-width: 150px) 100vw, 150px\" \/><\/a>\n\t\t\t<\/div><\/figure>\n\t\t<\/div>\n\n","protected":false},"excerpt":{"rendered":"<p>HOMS \u2013 Sa\u011fl\u0131k Bakanl\u0131\u011f\u0131 D\u00fcnya Ya\u015fl\u0131lar G\u00fcn\u00fc m\u00fcnasebetiyle bug\u00fcn Sefir Otelinde Homs Valili\u011finin i\u015fbirli\u011fi ile \u2018Ne Y\u00fcz\u00fcm\u00fczdeki \u00c7izgiler, Ne de Sa\u00e7lar\u0131m\u0131zdaki Beyazlar Ya\u015fam\u0131n \u0130radesini Durduramaz\u2019 slogan\u0131 alt\u0131nda ya\u015fl\u0131lar\u0131 onurland\u0131rma etkinli\u011fi d\u00fczenledi. Etkinli\u011fe kat\u0131lan Homs Valisi Telal el Berazi bir k\u0131s\u0131m ya\u015fl\u0131lar\u0131n sahip olduklar\u0131 \u00fcst\u00fcn deneyim ve yeteneklere dikkat \u00e7ekerken, bunlardan faydalan\u0131lmas\u0131 amac\u0131yla bu gibi etkinlilerin &hellip;<\/p>\n","protected":false},"author":1,"featured_media":91190,"comment_status":"closed","ping_status":"closed","sticky":false,"template":"","format":"standard","meta":{"footnotes":""},"categories":[596,526,479,17988,525,478],"tags":[24606,20392,13777,20393,24605,24604],"class_list":["post-91187","post","type-post","status-publish","format-standard","has-post-thumbnail","","category-fotografli-raporlar","category-haber-ve-raporlar","category-haberler-yerel","category-son-haberler","category-toplum","category-yerel","tag-dunya-yaslilar-gunu","tag-homs-valisi","tag-saglik-bakanligi","tag-telal-el-berazi","tag-yaslilari-esirgeme","tag-yaslilari-onurlandirma"],"_links":{"self":[{"href":"https:\/\/archive.sana.sy\/tr\/index.php?rest_route=\/wp\/v2\/posts\/91187","targetHints":{"allow":["GET"]}}],"collection":[{"href":"https:\/\/archive.sana.sy\/tr\/index.php?rest_route=\/wp\/v2\/posts"}],"about":[{"href":"https:\/\/archive.sana.sy\/tr\/index.php?rest_route=\/wp\/v2\/types\/post"}],"author":[{"embeddable":true,"href":"https:\/\/archive.sana.sy\/tr\/index.php?rest_route=\/wp\/v2\/users\/1"}],"replies":[{"embeddable":true,"href":"https:\/\/archive.sana.sy\/tr\/index.php?rest_route=%2Fwp%2Fv2%2Fcomments&post=91187"}],"version-history":[{"count":0,"href":"https:\/\/archive.sana.sy\/tr\/index.php?rest_route=\/wp\/v2\/posts\/91187\/revisions"}],"wp:featuredmedia":[{"embeddable":true,"href":"https:\/\/archive.sana.sy\/tr\/index.php?rest_route=\/wp\/v2\/media\/91190"}],"wp:attachment":[{"href":"https:\/\/archive.sana.sy\/tr\/index.php?rest_route=%2Fwp%2Fv2%2Fmedia&parent=91187"}],"wp:term":[{"taxonomy":"category","embeddable":true,"href":"https:\/\/archive.sana.sy\/tr\/index.php?rest_route=%2Fwp%2Fv2%2Fcategories&post=91187"},{"taxonomy":"post_tag","embeddable":true,"href":"https:\/\/archive.sana.sy\/tr\/index.php?rest_route=%2Fwp%2Fv2%2Ftags&post=91187"}],"curies":[{"name":"wp","href":"https:\/\/api.w.org\/{rel}","templated":true}]}}