{"id":91248,"date":"2016-10-13T22:30:20","date_gmt":"2016-10-13T19:30:20","guid":{"rendered":"http:\/\/www.sana.sy\/tr\/?p=91248"},"modified":"2016-10-14T16:46:16","modified_gmt":"2016-10-14T13:46:16","slug":"caferi-bmnin-yeni-genel-sekreterini-kutladi","status":"publish","type":"post","link":"https:\/\/archive.sana.sy\/tr\/?p=91248","title":{"rendered":"Caferi BM\u2019nin Yeni Genel Sekreterini Kutlad\u0131"},"content":{"rendered":"<p>NEW YORK \u2013 Suriye&#8217;nin BM daimi temsilcisi Be\u015f\u015far el Caferi Birle\u015fmi\u015f Milletler genel sekreterli\u011fine yeni atanan Antonio Guterres\u2019i kutlad\u0131.<\/p>\n<p>\u0130yi dileklerinden dolay\u0131 Caferi\u2019ye \u015f\u00fckranlar\u0131n\u0131 ifade eden Guterres, ayn\u0131 zamanda Ba\u015fbakan Yard\u0131mc\u0131s\u0131 D\u0131\u015fi\u015fleri ve Gurbet\u00e7iler Bakan\u0131 Velid el Muallim\u2019e selamlar\u0131n\u0131 iletmesini istedi.<\/p>\n<p>BM genel kurulu bug\u00fcn, g\u00f6revi sona eren G\u00fcney Koreli Ban Ki-moon\u2019un yerine Portekiz eski ba\u015fbakan\u0131 Antonio Guterres\u2019i oy \u00e7o\u011funlu\u011fuyla BM genel sekreteri olarak atad\u0131.<\/p>\n<p>Guterres g\u00f6revini teslim almas\u0131 ard\u0131ndan d\u00fczenledi\u011fi ilk bas\u0131n toplant\u0131s\u0131nda; Suriye konusunda b\u00f6l\u00fcnmeleri a\u015fma zaman\u0131n\u0131n geldi\u011fini ifade ederken, Suriye&#8217;de bar\u0131\u015f i\u00e7in sava\u015fman\u0131n zaman\u0131 geldi\u011fini kaydetti.<\/p>\n","protected":false},"excerpt":{"rendered":"<p>NEW YORK \u2013 Suriye&#8217;nin BM daimi temsilcisi Be\u015f\u015far el Caferi Birle\u015fmi\u015f Milletler genel sekreterli\u011fine yeni atanan Antonio Guterres\u2019i kutlad\u0131. \u0130yi dileklerinden dolay\u0131 Caferi\u2019ye \u015f\u00fckranlar\u0131n\u0131 ifade eden Guterres, ayn\u0131 zamanda Ba\u015fbakan Yard\u0131mc\u0131s\u0131 D\u0131\u015fi\u015fleri ve Gurbet\u00e7iler Bakan\u0131 Velid el Muallim\u2019e selamlar\u0131n\u0131 iletmesini istedi. BM genel kurulu bug\u00fcn, g\u00f6revi sona eren G\u00fcney Koreli Ban Ki-moon\u2019un yerine Portekiz eski &hellip;<\/p>\n","protected":false},"author":1,"featured_media":91249,"comment_status":"closed","ping_status":"closed","sticky":false,"template":"","format":"standard","meta":{"footnotes":""},"categories":[458,459,17988],"tags":[24617,24615,24616],"class_list":["post-91248","post","type-post","status-publish","format-standard","has-post-thumbnail","","category-dunya1","category-haberler-arap-uluslararasi-politika","category-son-haberler","tag-antonio-guterres","tag-caferi-bmnin-yeni-genel-sekreterini-kutladi","tag-suriyenin-bm-daimi-temsilcisi"],"_links":{"self":[{"href":"https:\/\/archive.sana.sy\/tr\/index.php?rest_route=\/wp\/v2\/posts\/91248","targetHints":{"allow":["GET"]}}],"collection":[{"href":"https:\/\/archive.sana.sy\/tr\/index.php?rest_route=\/wp\/v2\/posts"}],"about":[{"href":"https:\/\/archive.sana.sy\/tr\/index.php?rest_route=\/wp\/v2\/types\/post"}],"author":[{"embeddable":true,"href":"https:\/\/archive.sana.sy\/tr\/index.php?rest_route=\/wp\/v2\/users\/1"}],"replies":[{"embeddable":true,"href":"https:\/\/archive.sana.sy\/tr\/index.php?rest_route=%2Fwp%2Fv2%2Fcomments&post=91248"}],"version-history":[{"count":0,"href":"https:\/\/archive.sana.sy\/tr\/index.php?rest_route=\/wp\/v2\/posts\/91248\/revisions"}],"wp:featuredmedia":[{"embeddable":true,"href":"https:\/\/archive.sana.sy\/tr\/index.php?rest_route=\/wp\/v2\/media\/91249"}],"wp:attachment":[{"href":"https:\/\/archive.sana.sy\/tr\/index.php?rest_route=%2Fwp%2Fv2%2Fmedia&parent=91248"}],"wp:term":[{"taxonomy":"category","embeddable":true,"href":"https:\/\/archive.sana.sy\/tr\/index.php?rest_route=%2Fwp%2Fv2%2Fcategories&post=91248"},{"taxonomy":"post_tag","embeddable":true,"href":"https:\/\/archive.sana.sy\/tr\/index.php?rest_route=%2Fwp%2Fv2%2Ftags&post=91248"}],"curies":[{"name":"wp","href":"https:\/\/api.w.org\/{rel}","templated":true}]}}