{"id":91489,"date":"2016-10-16T14:25:51","date_gmt":"2016-10-16T11:25:51","guid":{"rendered":"http:\/\/www.sana.sy\/tr\/?p=91489"},"modified":"2016-10-18T15:34:00","modified_gmt":"2016-10-18T12:34:00","slug":"haseke-iline-yeni-vali-atandi","status":"publish","type":"post","link":"https:\/\/archive.sana.sy\/tr\/?p=91489","title":{"rendered":"Haseke \u0130line Yeni Vali Atand\u0131"},"content":{"rendered":"<p>\u015eAM \u2013 Cumhurba\u015fkan\u0131 Be\u015f\u015far el Esad Cayiz Sevada el Hammud el Musa\u2019n\u0131n Haseke Valisi olarak atanmas\u0131n\u0131 \u00f6ng\u00f6ren 2016\/307 say\u0131l\u0131 kararnameyi onaylad\u0131.<\/p>\n<p>2011\/107 say\u0131l\u0131 yasama karar\u0131yla \u00e7\u0131kan yerel idare kanunu ve 1971\/43 say\u0131l\u0131 yasama kanunu kapsam\u0131nda onaylanan kararnamede; 2013\/119 say\u0131l\u0131 kararnamede g\u00f6reve atanan Muhammed Zeal el Ali\u2019nin g\u00f6revine son verilerek, el Musa Haseke \u0130linin yeni valisi olarak atand\u0131.<\/p>\n<p>1954 Hama do\u011fumlu Musa 1977 y\u0131l\u0131nda Askeri Havac\u0131l\u0131k Akademisinden Te\u011fmen Pilot olarak mezun oldu. Askeri bilimlerde doktora alan yeni vali, bir dizi askeri g\u00f6revde bulundu.<\/p>\n<p>Haseke ilinin yeni valisi Musa evli ve 2 erkek ve 3 k\u0131z olmak \u00fczere 5 \u00e7ocuk babas\u0131d\u0131r.<\/p>\n","protected":false},"excerpt":{"rendered":"<p>\u015eAM \u2013 Cumhurba\u015fkan\u0131 Be\u015f\u015far el Esad Cayiz Sevada el Hammud el Musa\u2019n\u0131n Haseke Valisi olarak atanmas\u0131n\u0131 \u00f6ng\u00f6ren 2016\/307 say\u0131l\u0131 kararnameyi onaylad\u0131. 2011\/107 say\u0131l\u0131 yasama karar\u0131yla \u00e7\u0131kan yerel idare kanunu ve 1971\/43 say\u0131l\u0131 yasama kanunu kapsam\u0131nda onaylanan kararnamede; 2013\/119 say\u0131l\u0131 kararnamede g\u00f6reve atanan Muhammed Zeal el Ali\u2019nin g\u00f6revine son verilerek, el Musa Haseke \u0130linin yeni valisi &hellip;<\/p>\n","protected":false},"author":1,"featured_media":91525,"comment_status":"closed","ping_status":"closed","sticky":false,"template":"","format":"standard","meta":{"footnotes":""},"categories":[479,605,17988,612,599,478],"tags":[16402,24654,24655],"class_list":["post-91489","post","type-post","status-publish","format-standard","has-post-thumbnail","","category-haberler-yerel","category-sayin-cumhurbaskani","category-son-haberler","category-yasama-kararnameler","category-yasama-ve-kanunlar","category-yerel","tag-cumhurbaskani-bessar-el-esad","tag-haseke-iline-yeni-vali-atandi","tag-hayiz-sevada-el-hammud-el-musanin-haseke-valisi"],"_links":{"self":[{"href":"https:\/\/archive.sana.sy\/tr\/index.php?rest_route=\/wp\/v2\/posts\/91489","targetHints":{"allow":["GET"]}}],"collection":[{"href":"https:\/\/archive.sana.sy\/tr\/index.php?rest_route=\/wp\/v2\/posts"}],"about":[{"href":"https:\/\/archive.sana.sy\/tr\/index.php?rest_route=\/wp\/v2\/types\/post"}],"author":[{"embeddable":true,"href":"https:\/\/archive.sana.sy\/tr\/index.php?rest_route=\/wp\/v2\/users\/1"}],"replies":[{"embeddable":true,"href":"https:\/\/archive.sana.sy\/tr\/index.php?rest_route=%2Fwp%2Fv2%2Fcomments&post=91489"}],"version-history":[{"count":0,"href":"https:\/\/archive.sana.sy\/tr\/index.php?rest_route=\/wp\/v2\/posts\/91489\/revisions"}],"wp:featuredmedia":[{"embeddable":true,"href":"https:\/\/archive.sana.sy\/tr\/index.php?rest_route=\/wp\/v2\/media\/91525"}],"wp:attachment":[{"href":"https:\/\/archive.sana.sy\/tr\/index.php?rest_route=%2Fwp%2Fv2%2Fmedia&parent=91489"}],"wp:term":[{"taxonomy":"category","embeddable":true,"href":"https:\/\/archive.sana.sy\/tr\/index.php?rest_route=%2Fwp%2Fv2%2Fcategories&post=91489"},{"taxonomy":"post_tag","embeddable":true,"href":"https:\/\/archive.sana.sy\/tr\/index.php?rest_route=%2Fwp%2Fv2%2Ftags&post=91489"}],"curies":[{"name":"wp","href":"https:\/\/api.w.org\/{rel}","templated":true}]}}