{"id":91547,"date":"2016-10-16T08:41:35","date_gmt":"2016-10-16T05:41:35","guid":{"rendered":"http:\/\/www.sana.sy\/tr\/?p=91547"},"modified":"2016-10-16T13:24:23","modified_gmt":"2016-10-16T10:24:23","slug":"bultende-rusyanin-toplantida-suriyede-mutedil-muhalifleri-nusra-cephesinden-ayirma-yonunde-tum-taraflarin-cabalarini-yogunlastirma-cagrisinda-bulundugu-kaydedildi","status":"publish","type":"post","link":"https:\/\/archive.sana.sy\/tr\/?p=91547","title":{"rendered":"B\u00fcltende Rusya\u2019n\u0131n toplant\u0131da; Suriye\u2019de \u2018mutedil muhalifleri\u2019 Nusra Cephesinden ay\u0131rma y\u00f6n\u00fcnde t\u00fcm taraflar\u0131n \u00e7abalar\u0131n\u0131 yo\u011funla\u015ft\u0131rma \u00e7a\u011fr\u0131s\u0131nda bulundu\u011fu kaydedildi."},"content":{"rendered":"<p>B\u00fcltende Rusya\u2019n\u0131n toplant\u0131da; Suriye\u2019de \u2018mutedil muhalifleri\u2019 Nusra Cephesinden ay\u0131rma y\u00f6n\u00fcnde t\u00fcm taraflar\u0131n \u00e7abalar\u0131n\u0131 yo\u011funla\u015ft\u0131rma \u00e7a\u011fr\u0131s\u0131nda bulundu\u011fu kaydedildi.<\/p>\n","protected":false},"excerpt":{"rendered":"<p>B\u00fcltende Rusya\u2019n\u0131n toplant\u0131da; Suriye\u2019de \u2018mutedil muhalifleri\u2019 Nusra Cephesinden ay\u0131rma y\u00f6n\u00fcnde t\u00fcm taraflar\u0131n \u00e7abalar\u0131n\u0131 yo\u011funla\u015ft\u0131rma \u00e7a\u011fr\u0131s\u0131nda bulundu\u011fu kaydedildi.<\/p>\n","protected":false},"author":1,"featured_media":0,"comment_status":"closed","ping_status":"closed","sticky":false,"template":"","format":"standard","meta":{"footnotes":""},"categories":[17991],"tags":[],"class_list":["post-91547","post","type-post","status-publish","format-standard","","category-son-dakika"],"_links":{"self":[{"href":"https:\/\/archive.sana.sy\/tr\/index.php?rest_route=\/wp\/v2\/posts\/91547","targetHints":{"allow":["GET"]}}],"collection":[{"href":"https:\/\/archive.sana.sy\/tr\/index.php?rest_route=\/wp\/v2\/posts"}],"about":[{"href":"https:\/\/archive.sana.sy\/tr\/index.php?rest_route=\/wp\/v2\/types\/post"}],"author":[{"embeddable":true,"href":"https:\/\/archive.sana.sy\/tr\/index.php?rest_route=\/wp\/v2\/users\/1"}],"replies":[{"embeddable":true,"href":"https:\/\/archive.sana.sy\/tr\/index.php?rest_route=%2Fwp%2Fv2%2Fcomments&post=91547"}],"version-history":[{"count":0,"href":"https:\/\/archive.sana.sy\/tr\/index.php?rest_route=\/wp\/v2\/posts\/91547\/revisions"}],"wp:attachment":[{"href":"https:\/\/archive.sana.sy\/tr\/index.php?rest_route=%2Fwp%2Fv2%2Fmedia&parent=91547"}],"wp:term":[{"taxonomy":"category","embeddable":true,"href":"https:\/\/archive.sana.sy\/tr\/index.php?rest_route=%2Fwp%2Fv2%2Fcategories&post=91547"},{"taxonomy":"post_tag","embeddable":true,"href":"https:\/\/archive.sana.sy\/tr\/index.php?rest_route=%2Fwp%2Fv2%2Ftags&post=91547"}],"curies":[{"name":"wp","href":"https:\/\/api.w.org\/{rel}","templated":true}]}}