{"id":91550,"date":"2016-10-16T13:39:31","date_gmt":"2016-10-16T10:39:31","guid":{"rendered":"http:\/\/www.sana.sy\/tr\/?p=91550"},"modified":"2016-10-17T11:55:37","modified_gmt":"2016-10-17T08:55:37","slug":"gazeteciler-birligi-6-kongre-calismalarini-surdurdu","status":"publish","type":"post","link":"https:\/\/archive.sana.sy\/tr\/?p=91550","title":{"rendered":"Gazeteciler Birli\u011fi 6. Kongre \u00c7al\u0131\u015fmalar\u0131n\u0131 S\u00fcrd\u00fcrd\u00fc (video)"},"content":{"rendered":"<p>\u015eam \u2013 Gazeteciler Birli\u011fi \u015eam\u2019daki Esad K\u00fct\u00fcphanesinin konferans salonunda d\u00fczenledi\u011fi 6. Kongre \u00e7al\u0131\u015fmalar\u0131n\u0131 ikinci ve son g\u00fcn\u00fcnde s\u00fcrd\u00fcrd\u00fc.<\/p>\n<p>\u0130kinci g\u00fcn toplant\u0131lar\u0131nda birli\u011fin \u00f6rg\u00fctsel, mesleksel, mali ve \u00e7al\u0131\u015fma mekanizmas\u0131na ili\u015fkin raporlar tart\u0131\u015f\u0131ld\u0131.<\/p>\n<p>Gazeteciler Birli\u011fi Ba\u015fkan\u0131 \u0130lyas Murad SANA\u2019ya a\u00e7\u0131klamas\u0131nda; kongrenin ikinci g\u00fcn\u00fc ilk oturumunda birlik \u00fcyesi gazetecilerin sorular\u0131n\u0131 cevaplama ve \u00f6nerilerini dinleme \u00fczerine odaklan\u0131ld\u0131\u011f\u0131n\u0131 kaydetti. Murad oturumda ayr\u0131ca emeklilik ve dayan\u0131\u015fma fonu kurullar\u0131n\u0131n haz\u0131rlad\u0131klar\u0131 raporlar\u0131n dinlendi\u011fine dikkat \u00e7ekerken, bu fonlar\u0131n yeni y\u00f6netim kurullar\u0131n\u0131n se\u00e7ildi\u011fini kaydetti.<\/p>\n<p>\u0130kinci oturumda ise birli\u011fin 33 \u00fcyeden olu\u015fan yeni y\u00f6netim kurulunun se\u00e7ildi\u011fini, bunlar\u0131n da kendi aralar\u0131nda y\u00fcr\u00fctme ofisi \u00fcyelerini se\u00e7tiklerini s\u00f6yledi.<\/p>\n<p>https:\/\/www.youtube.com\/watch?v=ViFyaZRi2tQ<\/p>\n","protected":false},"excerpt":{"rendered":"<p>\u015eam \u2013 Gazeteciler Birli\u011fi \u015eam\u2019daki Esad K\u00fct\u00fcphanesinin konferans salonunda d\u00fczenledi\u011fi 6. Kongre \u00e7al\u0131\u015fmalar\u0131n\u0131 ikinci ve son g\u00fcn\u00fcnde s\u00fcrd\u00fcrd\u00fc. \u0130kinci g\u00fcn toplant\u0131lar\u0131nda birli\u011fin \u00f6rg\u00fctsel, mesleksel, mali ve \u00e7al\u0131\u015fma mekanizmas\u0131na ili\u015fkin raporlar tart\u0131\u015f\u0131ld\u0131. Gazeteciler Birli\u011fi Ba\u015fkan\u0131 \u0130lyas Murad SANA\u2019ya a\u00e7\u0131klamas\u0131nda; kongrenin ikinci g\u00fcn\u00fc ilk oturumunda birlik \u00fcyesi gazetecilerin sorular\u0131n\u0131 cevaplama ve \u00f6nerilerini dinleme \u00fczerine odaklan\u0131ld\u0131\u011f\u0131n\u0131 kaydetti. Murad &hellip;<\/p>\n","protected":false},"author":1,"featured_media":91637,"comment_status":"closed","ping_status":"closed","sticky":false,"template":"","format":"standard","meta":{"footnotes":""},"categories":[479,17988,478],"tags":[24662,24660,24661],"class_list":["post-91550","post","type-post","status-publish","format-standard","has-post-thumbnail","","category-haberler-yerel","category-son-haberler","category-yerel","tag-6-kongre-calismalarini-ikinci-ve-son-gununde-surdurdu","tag-gazeteciler-birligi-6-kongre-calismalarini-surdurdu","tag-gazeteciler-birligi-samdaki-esad-kutuphanesinin-konferans-salonunda"],"_links":{"self":[{"href":"https:\/\/archive.sana.sy\/tr\/index.php?rest_route=\/wp\/v2\/posts\/91550","targetHints":{"allow":["GET"]}}],"collection":[{"href":"https:\/\/archive.sana.sy\/tr\/index.php?rest_route=\/wp\/v2\/posts"}],"about":[{"href":"https:\/\/archive.sana.sy\/tr\/index.php?rest_route=\/wp\/v2\/types\/post"}],"author":[{"embeddable":true,"href":"https:\/\/archive.sana.sy\/tr\/index.php?rest_route=\/wp\/v2\/users\/1"}],"replies":[{"embeddable":true,"href":"https:\/\/archive.sana.sy\/tr\/index.php?rest_route=%2Fwp%2Fv2%2Fcomments&post=91550"}],"version-history":[{"count":0,"href":"https:\/\/archive.sana.sy\/tr\/index.php?rest_route=\/wp\/v2\/posts\/91550\/revisions"}],"wp:featuredmedia":[{"embeddable":true,"href":"https:\/\/archive.sana.sy\/tr\/index.php?rest_route=\/wp\/v2\/media\/91637"}],"wp:attachment":[{"href":"https:\/\/archive.sana.sy\/tr\/index.php?rest_route=%2Fwp%2Fv2%2Fmedia&parent=91550"}],"wp:term":[{"taxonomy":"category","embeddable":true,"href":"https:\/\/archive.sana.sy\/tr\/index.php?rest_route=%2Fwp%2Fv2%2Fcategories&post=91550"},{"taxonomy":"post_tag","embeddable":true,"href":"https:\/\/archive.sana.sy\/tr\/index.php?rest_route=%2Fwp%2Fv2%2Ftags&post=91550"}],"curies":[{"name":"wp","href":"https:\/\/api.w.org\/{rel}","templated":true}]}}