{"id":91577,"date":"2016-10-16T16:50:32","date_gmt":"2016-10-16T13:50:32","guid":{"rendered":"http:\/\/www.sana.sy\/tr\/?p=91577"},"modified":"2016-10-17T15:57:59","modified_gmt":"2016-10-17T12:57:59","slug":"radikal-teroristler-silahlari-ve-araclariyla-etkisizlestirildi","status":"publish","type":"post","link":"https:\/\/archive.sana.sy\/tr\/?p=91577","title":{"rendered":"Radikal Ter\u00f6ristler Silahlar\u0131 ve Ara\u00e7lar\u0131yla Etkisizle\u015ftirildi"},"content":{"rendered":"<p>\u0130LLER \u2013 Ordu birliklerimiz halk\u0131m\u0131zdan ald\u0131\u011f\u0131 g\u00fc\u00e7 ile d\u00fc\u015fman rejimlere hizmet eden \u00e7okuluslu ve hain ter\u00f6ristleri a\u011f\u0131r kay\u0131plara u\u011fratmaya devam ediyor.<\/p>\n<p><span style=\"color: #0000ff\">\u015eAM KIRSALI:<\/span><\/p>\n<p>SANA\u2019ya a\u00e7\u0131klama yapan askeri kaynak ordu birliklerimizin \u015eam k\u0131rsal\u0131n\u0131n Han el \u015eyih mexralar\u0131, H\u00fcseyniye, Hazreciye, Teyba, Zakiye ve Vare b\u00f6lgelerinin yan\u0131 s\u0131ra Harfa \u2013 Beyt Cin kesi\u015fmesinde \u0130srail\u2019den destek alan Nusra Cephesi ve \u00e7at\u0131s\u0131 alt\u0131ndaki ter\u00f6r \u00f6rg\u00fctlerin hareket ve toplanma yerlerini yo\u011fun top ate\u015fine tuttuklar\u0131n\u0131 belirtti.<\/p>\n<p>Kaynak operasyonlarda bir k\u0131sm\u0131 a\u011f\u0131r silahlarla donat\u0131lm\u0131\u015f bir k\u0131sm\u0131 da z\u0131rhl\u0131 olan bir\u00e7ok arac\u0131n y\u00fckleri ve ter\u00f6rist ekipleriyle birlikte imha edildi\u011fi operasyonlarda aralar\u0131nda saha komutanlar\u0131n\u0131n bulundu\u011fu onlarca ter\u00f6ristin \u00f6ld\u00fcr\u00fcld\u00fc\u011f\u00fcne dikkat \u00e7ekti<\/p>\n<p><span style=\"color: #0000ff\">HALEP:<\/span><\/p>\n<p>\u00d6te yandan\u00a0askeri kaynak ordu birliklerimizin Halep Kentinin kuzeydo\u011fusu \u0130brahim Hanano Konutlar\u0131, Breyc ve Mecbel ekseninde Erdo\u011fan ve Al Suud rejimlerine tabi radikal ter\u00f6ristlerin mevkilerini yo\u011fun ate\u015fe tuttuklar\u0131n\u0131 belirtti.<\/p>\n<p>Kaynak e kar\u015f\u0131 operasyonlar\u0131nda aralar\u0131nda az\u0131l\u0131 bir eleba\u015f\u0131n bulundu\u011fu 29 ter\u00f6risti \u00f6l\u00fc, 37 ter\u00f6risti de yaral\u0131 d\u00fc\u015f\u00fcrd\u00fcklerini belirtirken havzalar\u0131nda bulunan silah ve ara\u00e7lar\u0131n da yok edildi\u011fini s\u00f6yledi.<\/p>\n<p><span style=\"color: #0000ff\">DERA:<\/span><\/p>\n<p>Dera\u2019da ise askeri kaynak; ordu birliklerimizin \u0130srail\u2019in destek ve komutas\u0131nda ter\u00f6r estiren Nusra Cephesi ve \u00e7at\u0131s\u0131 alt\u0131ndaki di\u011fer ter\u00f6r \u00f6rg\u00fctlere kar\u015f\u0131 operasyonlar\u0131 kapsam\u0131nda Dera Beled ve Dera Mahatta b\u00f6lgelerinin yan\u0131 s\u0131ra Nuayme ve Yaduda beldelerinde mevki ve ara\u00e7lar\u0131n\u0131 yo\u011fun top ate\u015fine tuttuklar\u0131n\u0131 s\u00f6yledi.<\/p>\n<p>Kaynak operasyonlarda bir k\u0131sm\u0131 a\u011f\u0131r silahlarla donat\u0131lm\u0131\u015f bir\u00e7ok ara\u00e7la birlikte az\u0131l\u0131 ter\u00f6ristlerin aralar\u0131nda bulundu\u011fu \u00e7ok say\u0131da ter\u00f6ristin \u00f6ld\u00fcr\u00fcld\u00fc\u011f\u00fcn\u00fc aktard\u0131.<\/p>\n","protected":false},"excerpt":{"rendered":"<p>\u0130LLER \u2013 Ordu birliklerimiz halk\u0131m\u0131zdan ald\u0131\u011f\u0131 g\u00fc\u00e7 ile d\u00fc\u015fman rejimlere hizmet eden \u00e7okuluslu ve hain ter\u00f6ristleri a\u011f\u0131r kay\u0131plara u\u011fratmaya devam ediyor. \u015eAM KIRSALI: SANA\u2019ya a\u00e7\u0131klama yapan askeri kaynak ordu birliklerimizin \u015eam k\u0131rsal\u0131n\u0131n Han el \u015eyih mexralar\u0131, H\u00fcseyniye, Hazreciye, Teyba, Zakiye ve Vare b\u00f6lgelerinin yan\u0131 s\u0131ra Harfa \u2013 Beyt Cin kesi\u015fmesinde \u0130srail\u2019den destek alan Nusra Cephesi &hellip;<\/p>\n","protected":false},"author":1,"featured_media":91579,"comment_status":"closed","ping_status":"closed","sticky":false,"template":"","format":"standard","meta":{"footnotes":""},"categories":[575,17988],"tags":[3464,18237,18576,15787,2318,15945,18723,23433,18674,11549,19043,22182,19034,18604],"class_list":["post-91577","post","type-post","status-publish","format-standard","has-post-thumbnail","","category-olaylar-ve-gercekler","category-son-haberler","tag-nusra-cephesi","tag-cihatcilar","tag-daes","tag-fetih-ordusu","tag-isid","tag-ilimli-muhalifler","tag-muhalifler","tag-mutedil-muhalifler","tag-silahli-muhalifler","tag-suriye-ordusu","tag-suriyede-son-durum","tag-suriyede-savas","tag-suriyeli-muhalifler","tag-terore-karsi-savas"],"_links":{"self":[{"href":"https:\/\/archive.sana.sy\/tr\/index.php?rest_route=\/wp\/v2\/posts\/91577","targetHints":{"allow":["GET"]}}],"collection":[{"href":"https:\/\/archive.sana.sy\/tr\/index.php?rest_route=\/wp\/v2\/posts"}],"about":[{"href":"https:\/\/archive.sana.sy\/tr\/index.php?rest_route=\/wp\/v2\/types\/post"}],"author":[{"embeddable":true,"href":"https:\/\/archive.sana.sy\/tr\/index.php?rest_route=\/wp\/v2\/users\/1"}],"replies":[{"embeddable":true,"href":"https:\/\/archive.sana.sy\/tr\/index.php?rest_route=%2Fwp%2Fv2%2Fcomments&post=91577"}],"version-history":[{"count":0,"href":"https:\/\/archive.sana.sy\/tr\/index.php?rest_route=\/wp\/v2\/posts\/91577\/revisions"}],"wp:featuredmedia":[{"embeddable":true,"href":"https:\/\/archive.sana.sy\/tr\/index.php?rest_route=\/wp\/v2\/media\/91579"}],"wp:attachment":[{"href":"https:\/\/archive.sana.sy\/tr\/index.php?rest_route=%2Fwp%2Fv2%2Fmedia&parent=91577"}],"wp:term":[{"taxonomy":"category","embeddable":true,"href":"https:\/\/archive.sana.sy\/tr\/index.php?rest_route=%2Fwp%2Fv2%2Fcategories&post=91577"},{"taxonomy":"post_tag","embeddable":true,"href":"https:\/\/archive.sana.sy\/tr\/index.php?rest_route=%2Fwp%2Fv2%2Ftags&post=91577"}],"curies":[{"name":"wp","href":"https:\/\/api.w.org\/{rel}","templated":true}]}}