{"id":91587,"date":"2016-10-16T14:42:29","date_gmt":"2016-10-16T11:42:29","guid":{"rendered":"http:\/\/www.sana.sy\/tr\/?p=91587"},"modified":"2016-10-16T14:55:17","modified_gmt":"2016-10-16T11:55:17","slug":"sanaya-aciklama-yapan-askeri-kaynak-ordu-birliklerimizin-sam-kirsalinin-han-el-syih-mexralari-huseyniye-hazreciye-teyba-zakiye-ve-vare-bolgelerinin-yani-sira-harfa-beyt-cin-kesi","status":"publish","type":"post","link":"https:\/\/archive.sana.sy\/tr\/?p=91587","title":{"rendered":"SANA\u2019ya a\u00e7\u0131klama yapan askeri kaynak ordu birliklerimizin \u015eam k\u0131rsal\u0131n\u0131n Han el \u015eyih mexralar\u0131, H\u00fcseyniye, Hazreciye, Teyba, Zakiye ve Vare b\u00f6lgelerinin yan\u0131 s\u0131ra Harfa \u2013 Beyt Cin kesi\u015fmesinde \u0130srail\u2019den destek alan Nusra Cephesi ve \u00e7at\u0131s\u0131 alt\u0131ndaki ter\u00f6r \u00f6rg\u00fctlerin hareket ve toplanma yerlerini yo\u011fun top ate\u015fine tuttuklar\u0131n\u0131 belirtti."},"content":{"rendered":"<p>SANA\u2019ya a\u00e7\u0131klama yapan askeri kaynak ordu birliklerimizin \u015eam k\u0131rsal\u0131n\u0131n Han el \u015eyih mexralar\u0131, H\u00fcseyniye, Hazreciye, Teyba, Zakiye ve Vare b\u00f6lgelerinin yan\u0131 s\u0131ra Harfa \u2013 Beyt Cin kesi\u015fmesinde \u0130srail\u2019den destek alan Nusra Cephesi ve \u00e7at\u0131s\u0131 alt\u0131ndaki ter\u00f6r \u00f6rg\u00fctlerin hareket ve toplanma yerlerini yo\u011fun top ate\u015fine tuttuklar\u0131n\u0131 belirtti.<\/p>\n","protected":false},"excerpt":{"rendered":"<p>SANA\u2019ya a\u00e7\u0131klama yapan askeri kaynak ordu birliklerimizin \u015eam k\u0131rsal\u0131n\u0131n Han el \u015eyih mexralar\u0131, H\u00fcseyniye, Hazreciye, Teyba, Zakiye ve Vare b\u00f6lgelerinin yan\u0131 s\u0131ra Harfa \u2013 Beyt Cin kesi\u015fmesinde \u0130srail\u2019den destek alan Nusra Cephesi ve \u00e7at\u0131s\u0131 alt\u0131ndaki ter\u00f6r \u00f6rg\u00fctlerin hareket ve toplanma yerlerini yo\u011fun top ate\u015fine tuttuklar\u0131n\u0131 belirtti.<\/p>\n","protected":false},"author":1,"featured_media":0,"comment_status":"closed","ping_status":"closed","sticky":false,"template":"","format":"standard","meta":{"footnotes":""},"categories":[17991],"tags":[],"class_list":["post-91587","post","type-post","status-publish","format-standard","","category-son-dakika"],"_links":{"self":[{"href":"https:\/\/archive.sana.sy\/tr\/index.php?rest_route=\/wp\/v2\/posts\/91587","targetHints":{"allow":["GET"]}}],"collection":[{"href":"https:\/\/archive.sana.sy\/tr\/index.php?rest_route=\/wp\/v2\/posts"}],"about":[{"href":"https:\/\/archive.sana.sy\/tr\/index.php?rest_route=\/wp\/v2\/types\/post"}],"author":[{"embeddable":true,"href":"https:\/\/archive.sana.sy\/tr\/index.php?rest_route=\/wp\/v2\/users\/1"}],"replies":[{"embeddable":true,"href":"https:\/\/archive.sana.sy\/tr\/index.php?rest_route=%2Fwp%2Fv2%2Fcomments&post=91587"}],"version-history":[{"count":0,"href":"https:\/\/archive.sana.sy\/tr\/index.php?rest_route=\/wp\/v2\/posts\/91587\/revisions"}],"wp:attachment":[{"href":"https:\/\/archive.sana.sy\/tr\/index.php?rest_route=%2Fwp%2Fv2%2Fmedia&parent=91587"}],"wp:term":[{"taxonomy":"category","embeddable":true,"href":"https:\/\/archive.sana.sy\/tr\/index.php?rest_route=%2Fwp%2Fv2%2Fcategories&post=91587"},{"taxonomy":"post_tag","embeddable":true,"href":"https:\/\/archive.sana.sy\/tr\/index.php?rest_route=%2Fwp%2Fv2%2Ftags&post=91587"}],"curies":[{"name":"wp","href":"https:\/\/api.w.org\/{rel}","templated":true}]}}