{"id":91625,"date":"2016-10-17T08:18:29","date_gmt":"2016-10-17T05:18:29","guid":{"rendered":"http:\/\/www.sana.sy\/tr\/?p=91625"},"modified":"2016-10-18T15:32:23","modified_gmt":"2016-10-18T12:32:23","slug":"suriye-ve-misir-anlasti","status":"publish","type":"post","link":"https:\/\/archive.sana.sy\/tr\/?p=91625","title":{"rendered":"Suriye ve M\u0131s\u0131r Anla\u015ft\u0131"},"content":{"rendered":"<p>KAH\u0130RE \u2013 Ulusal G\u00fcvenlik Ofisi Ba\u015fkan\u0131 T\u00fcmgeneral Ali el Meml\u00fck M\u0131s\u0131r\u2019\u0131n daveti \u00fczerine Kahire\u2019ye bir g\u00fcn s\u00fcren resmi i\u015f gezisinde bulundu.<\/p>\n<p>T\u00fcmgeneral Meml\u00fck Kahire\u2019de M\u0131s\u0131r Ulusal G\u00fcvenlik Te\u015fkilat\u0131 Ba\u015fkan Yard\u0131mc\u0131s\u0131 T\u00fcmgeneral Halit Fevzi ve daha ba\u015fka \u00fcst d\u00fczeyli g\u00fcvenlik yetkilileri ile bir dizi temaslarda bulundu. G\u00f6r\u00fc\u015fmelerde Suriye ve M\u0131s\u0131r aras\u0131nda siyasi tutumlar\u0131n koordine edilmesinin yan\u0131 s\u0131ra iki \u00fclke ve halklar\u0131n\u0131n maruz kald\u0131\u011f\u0131 ter\u00f6re kar\u015f\u0131 m\u00fccadelede i\u015fbirli\u011fi ve koordinasyonun peki\u015ftirilmesi \u00fczerinde anla\u015fma sa\u011fland\u0131.<\/p>\n","protected":false},"excerpt":{"rendered":"<p>KAH\u0130RE \u2013 Ulusal G\u00fcvenlik Ofisi Ba\u015fkan\u0131 T\u00fcmgeneral Ali el Meml\u00fck M\u0131s\u0131r\u2019\u0131n daveti \u00fczerine Kahire\u2019ye bir g\u00fcn s\u00fcren resmi i\u015f gezisinde bulundu. T\u00fcmgeneral Meml\u00fck Kahire\u2019de M\u0131s\u0131r Ulusal G\u00fcvenlik Te\u015fkilat\u0131 Ba\u015fkan Yard\u0131mc\u0131s\u0131 T\u00fcmgeneral Halit Fevzi ve daha ba\u015fka \u00fcst d\u00fczeyli g\u00fcvenlik yetkilileri ile bir dizi temaslarda bulundu. G\u00f6r\u00fc\u015fmelerde Suriye ve M\u0131s\u0131r aras\u0131nda siyasi tutumlar\u0131n koordine edilmesinin yan\u0131 &hellip;<\/p>\n","protected":false},"author":1,"featured_media":91659,"comment_status":"closed","ping_status":"closed","sticky":false,"template":"","format":"standard","meta":{"footnotes":""},"categories":[458,459,17988],"tags":[],"class_list":["post-91625","post","type-post","status-publish","format-standard","has-post-thumbnail","","category-dunya1","category-haberler-arap-uluslararasi-politika","category-son-haberler"],"_links":{"self":[{"href":"https:\/\/archive.sana.sy\/tr\/index.php?rest_route=\/wp\/v2\/posts\/91625","targetHints":{"allow":["GET"]}}],"collection":[{"href":"https:\/\/archive.sana.sy\/tr\/index.php?rest_route=\/wp\/v2\/posts"}],"about":[{"href":"https:\/\/archive.sana.sy\/tr\/index.php?rest_route=\/wp\/v2\/types\/post"}],"author":[{"embeddable":true,"href":"https:\/\/archive.sana.sy\/tr\/index.php?rest_route=\/wp\/v2\/users\/1"}],"replies":[{"embeddable":true,"href":"https:\/\/archive.sana.sy\/tr\/index.php?rest_route=%2Fwp%2Fv2%2Fcomments&post=91625"}],"version-history":[{"count":0,"href":"https:\/\/archive.sana.sy\/tr\/index.php?rest_route=\/wp\/v2\/posts\/91625\/revisions"}],"wp:featuredmedia":[{"embeddable":true,"href":"https:\/\/archive.sana.sy\/tr\/index.php?rest_route=\/wp\/v2\/media\/91659"}],"wp:attachment":[{"href":"https:\/\/archive.sana.sy\/tr\/index.php?rest_route=%2Fwp%2Fv2%2Fmedia&parent=91625"}],"wp:term":[{"taxonomy":"category","embeddable":true,"href":"https:\/\/archive.sana.sy\/tr\/index.php?rest_route=%2Fwp%2Fv2%2Fcategories&post=91625"},{"taxonomy":"post_tag","embeddable":true,"href":"https:\/\/archive.sana.sy\/tr\/index.php?rest_route=%2Fwp%2Fv2%2Ftags&post=91625"}],"curies":[{"name":"wp","href":"https:\/\/api.w.org\/{rel}","templated":true}]}}