{"id":91626,"date":"2016-10-16T22:18:50","date_gmt":"2016-10-16T19:18:50","guid":{"rendered":"http:\/\/www.sana.sy\/tr\/?p=91626"},"modified":"2016-10-17T11:28:55","modified_gmt":"2016-10-17T08:28:55","slug":"hava-akademisinin-yeni-mezunlarina-toren-duzenlendi-video","status":"publish","type":"post","link":"https:\/\/archive.sana.sy\/tr\/?p=91626","title":{"rendered":"Hava Akademisinin Yeni Mezunlar\u0131na T\u00f6ren D\u00fczenlendi (video)"},"content":{"rendered":"<p>HALEP \u2013 Ordu ve Silahl\u0131 Kuvvetler Genel Komutan Yard\u0131mc\u0131s\u0131 ve Savunma Bakan\u0131 Korgeneral Fahd Casim el Freyc\u2019in g\u00f6zetimi alt\u0131nda bug\u00fcn Halep\u2019te Kveyris Havaalan\u0131nda d\u00fczenlenen mezuniyet t\u00f6reninde Hava Akademisinden yeni mezunlara diplomalar\u0131 da\u011f\u0131t\u0131ld\u0131.<\/p>\n<p>Hava G\u00fc\u00e7leri G\u00fcn\u00fcne denk gelen mezuniyet t\u00f6reninde \u015fehitler an\u0131s\u0131na sayg\u0131 duru\u015fu ard\u0131ndan ulusal mar\u015f\u0131m\u0131z \u00e7al\u0131nd\u0131.<\/p>\n<p>T\u00f6rende Freycin temsilcisi olarak akademi m\u00fcd\u00fcr\u00fc konu\u015fma yaparken akademide bulunan g\u00fc\u00e7lerimizin 4 y\u0131la yak\u0131n s\u00fcredir ter\u00f6r ablukas\u0131 alt\u0131nda kald\u0131klar\u0131 s\u00fcrede sergiledikleri kahramanl\u0131klara ve bu kahramanl\u0131klar\u0131n zaferle sonu\u00e7lanmas\u0131na dikkat \u00e7ekti.<\/p>\n<p>Konu\u015fma ard\u0131ndan Suriyeli pilotlar\u0131n sava\u015f g\u00fc\u00e7lerini ortaya seren askeri g\u00f6steriler yap\u0131ld\u0131.<\/p>\n<p>https:\/\/www.youtube.com\/watch?v=Sogf4FbYWhA<\/p>\n","protected":false},"excerpt":{"rendered":"<p>HALEP \u2013 Ordu ve Silahl\u0131 Kuvvetler Genel Komutan Yard\u0131mc\u0131s\u0131 ve Savunma Bakan\u0131 Korgeneral Fahd Casim el Freyc\u2019in g\u00f6zetimi alt\u0131nda bug\u00fcn Halep\u2019te Kveyris Havaalan\u0131nda d\u00fczenlenen mezuniyet t\u00f6reninde Hava Akademisinden yeni mezunlara diplomalar\u0131 da\u011f\u0131t\u0131ld\u0131. Hava G\u00fc\u00e7leri G\u00fcn\u00fcne denk gelen mezuniyet t\u00f6reninde \u015fehitler an\u0131s\u0131na sayg\u0131 duru\u015fu ard\u0131ndan ulusal mar\u015f\u0131m\u0131z \u00e7al\u0131nd\u0131. T\u00f6rende Freycin temsilcisi olarak akademi m\u00fcd\u00fcr\u00fc konu\u015fma yaparken &hellip;<\/p>\n","protected":false},"author":1,"featured_media":91631,"comment_status":"closed","ping_status":"closed","sticky":false,"template":"","format":"standard","meta":{"footnotes":""},"categories":[479,17988,478],"tags":[],"class_list":["post-91626","post","type-post","status-publish","format-standard","has-post-thumbnail","","category-haberler-yerel","category-son-haberler","category-yerel"],"_links":{"self":[{"href":"https:\/\/archive.sana.sy\/tr\/index.php?rest_route=\/wp\/v2\/posts\/91626","targetHints":{"allow":["GET"]}}],"collection":[{"href":"https:\/\/archive.sana.sy\/tr\/index.php?rest_route=\/wp\/v2\/posts"}],"about":[{"href":"https:\/\/archive.sana.sy\/tr\/index.php?rest_route=\/wp\/v2\/types\/post"}],"author":[{"embeddable":true,"href":"https:\/\/archive.sana.sy\/tr\/index.php?rest_route=\/wp\/v2\/users\/1"}],"replies":[{"embeddable":true,"href":"https:\/\/archive.sana.sy\/tr\/index.php?rest_route=%2Fwp%2Fv2%2Fcomments&post=91626"}],"version-history":[{"count":0,"href":"https:\/\/archive.sana.sy\/tr\/index.php?rest_route=\/wp\/v2\/posts\/91626\/revisions"}],"wp:featuredmedia":[{"embeddable":true,"href":"https:\/\/archive.sana.sy\/tr\/index.php?rest_route=\/wp\/v2\/media\/91631"}],"wp:attachment":[{"href":"https:\/\/archive.sana.sy\/tr\/index.php?rest_route=%2Fwp%2Fv2%2Fmedia&parent=91626"}],"wp:term":[{"taxonomy":"category","embeddable":true,"href":"https:\/\/archive.sana.sy\/tr\/index.php?rest_route=%2Fwp%2Fv2%2Fcategories&post=91626"},{"taxonomy":"post_tag","embeddable":true,"href":"https:\/\/archive.sana.sy\/tr\/index.php?rest_route=%2Fwp%2Fv2%2Ftags&post=91626"}],"curies":[{"name":"wp","href":"https:\/\/api.w.org\/{rel}","templated":true}]}}