{"id":91696,"date":"2016-10-17T08:30:55","date_gmt":"2016-10-17T05:30:55","guid":{"rendered":"http:\/\/www.sana.sy\/tr\/?p=91696"},"modified":"2016-10-18T15:32:23","modified_gmt":"2016-10-18T12:32:23","slug":"layik-bir-davranis-degildir","status":"publish","type":"post","link":"https:\/\/archive.sana.sy\/tr\/?p=91696","title":{"rendered":"Lay\u0131k Bir Davran\u0131\u015f De\u011fildir"},"content":{"rendered":"<p>MSOKOVA \u2013 Rusya D\u0131\u015fi\u015fleri Bakanl\u0131\u011f\u0131 Suriye&#8217;deki krize tek tarafl\u0131 \u00e7\u00f6z\u00fcmleri hayata ge\u00e7irmenin m\u00fcmk\u00fcn olmad\u0131\u011f\u0131n\u0131 vurgularken, Moskova\u2019n\u0131n bu gibi \u00e7abalara her daim kar\u015f\u0131 \u00e7\u0131kt\u0131\u011f\u0131n\u0131 belirtti.<\/p>\n<p>Rus bakanl\u0131k; ayr\u0131ca Washington idaresinin siyasi ajandalar\u0131n\u0131 hayata ge\u00e7irmek i\u00e7in ekonomik yapt\u0131r\u0131mlar\u0131 vesile olarak kullanmas\u0131n\u0131n lay\u0131k bir davran\u0131\u015f olmad\u0131\u011f\u0131n\u0131 ifade etti.<\/p>\n","protected":false},"excerpt":{"rendered":"<p>MSOKOVA \u2013 Rusya D\u0131\u015fi\u015fleri Bakanl\u0131\u011f\u0131 Suriye&#8217;deki krize tek tarafl\u0131 \u00e7\u00f6z\u00fcmleri hayata ge\u00e7irmenin m\u00fcmk\u00fcn olmad\u0131\u011f\u0131n\u0131 vurgularken, Moskova\u2019n\u0131n bu gibi \u00e7abalara her daim kar\u015f\u0131 \u00e7\u0131kt\u0131\u011f\u0131n\u0131 belirtti. Rus bakanl\u0131k; ayr\u0131ca Washington idaresinin siyasi ajandalar\u0131n\u0131 hayata ge\u00e7irmek i\u00e7in ekonomik yapt\u0131r\u0131mlar\u0131 vesile olarak kullanmas\u0131n\u0131n lay\u0131k bir davran\u0131\u015f olmad\u0131\u011f\u0131n\u0131 ifade etti.<\/p>\n","protected":false},"author":1,"featured_media":91700,"comment_status":"closed","ping_status":"closed","sticky":false,"template":"","format":"standard","meta":{"footnotes":""},"categories":[458,459,17988],"tags":[24682,24683,17146,19132],"class_list":["post-91696","post","type-post","status-publish","format-standard","has-post-thumbnail","","category-dunya1","category-haberler-arap-uluslararasi-politika","category-son-haberler","tag-abd-yontemi","tag-ekonomik-yaptirimlar","tag-rusya-disisleri-bakanligi","tag-suriyedeki-kriz"],"_links":{"self":[{"href":"https:\/\/archive.sana.sy\/tr\/index.php?rest_route=\/wp\/v2\/posts\/91696","targetHints":{"allow":["GET"]}}],"collection":[{"href":"https:\/\/archive.sana.sy\/tr\/index.php?rest_route=\/wp\/v2\/posts"}],"about":[{"href":"https:\/\/archive.sana.sy\/tr\/index.php?rest_route=\/wp\/v2\/types\/post"}],"author":[{"embeddable":true,"href":"https:\/\/archive.sana.sy\/tr\/index.php?rest_route=\/wp\/v2\/users\/1"}],"replies":[{"embeddable":true,"href":"https:\/\/archive.sana.sy\/tr\/index.php?rest_route=%2Fwp%2Fv2%2Fcomments&post=91696"}],"version-history":[{"count":0,"href":"https:\/\/archive.sana.sy\/tr\/index.php?rest_route=\/wp\/v2\/posts\/91696\/revisions"}],"wp:featuredmedia":[{"embeddable":true,"href":"https:\/\/archive.sana.sy\/tr\/index.php?rest_route=\/wp\/v2\/media\/91700"}],"wp:attachment":[{"href":"https:\/\/archive.sana.sy\/tr\/index.php?rest_route=%2Fwp%2Fv2%2Fmedia&parent=91696"}],"wp:term":[{"taxonomy":"category","embeddable":true,"href":"https:\/\/archive.sana.sy\/tr\/index.php?rest_route=%2Fwp%2Fv2%2Fcategories&post=91696"},{"taxonomy":"post_tag","embeddable":true,"href":"https:\/\/archive.sana.sy\/tr\/index.php?rest_route=%2Fwp%2Fv2%2Ftags&post=91696"}],"curies":[{"name":"wp","href":"https:\/\/api.w.org\/{rel}","templated":true}]}}