{"id":9197,"date":"2014-09-06T14:10:56","date_gmt":"2014-09-06T11:10:56","guid":{"rendered":"http:\/\/www.sana.sy\/tr\/?p=9197"},"modified":"2014-09-06T14:10:56","modified_gmt":"2014-09-06T11:10:56","slug":"mursi-mahkemeye-sevk-edildi","status":"publish","type":"post","link":"https:\/\/archive.sana.sy\/tr\/?p=9197","title":{"rendered":"Mursi Mahkemeye Sevk Edildi"},"content":{"rendered":"<p>KAH\u0130RE \u2013 M\u0131s\u0131r Ba\u015fsavc\u0131s\u0131 \u2018M\u0131s\u0131r milli g\u00fcvenli\u011fi ile ilgili gizli belgeleri Katar\u2019a s\u0131zd\u0131rma ve onunla istihbarat ili\u015fkilerinde bulunma\u2019 su\u00e7uyla M\u0131s\u0131r eski ba\u015fkan\u0131 Muhammed Mursi\u2019yi cinayet mahkemesine sevk etti.<\/p>\n<p>M\u0131s\u0131r medya kaynaklar\u0131 ba\u015fsavc\u0131 Hi\u015fam Bereket\u2019in bug\u00fcn imzalad\u0131\u011f\u0131 karar ile Mursi ile birlikte 10 \u015fah\u0131s\u0131 daha cinayet mahkemesine sevk etti\u011fini aktard\u0131.<\/p>\n","protected":false},"excerpt":{"rendered":"<p>KAH\u0130RE \u2013 M\u0131s\u0131r Ba\u015fsavc\u0131s\u0131 \u2018M\u0131s\u0131r milli g\u00fcvenli\u011fi ile ilgili gizli belgeleri Katar\u2019a s\u0131zd\u0131rma ve onunla istihbarat ili\u015fkilerinde bulunma\u2019 su\u00e7uyla M\u0131s\u0131r eski ba\u015fkan\u0131 Muhammed Mursi\u2019yi cinayet mahkemesine sevk etti. M\u0131s\u0131r medya kaynaklar\u0131 ba\u015fsavc\u0131 Hi\u015fam Bereket\u2019in bug\u00fcn imzalad\u0131\u011f\u0131 karar ile Mursi ile birlikte 10 \u015fah\u0131s\u0131 daha cinayet mahkemesine sevk etti\u011fini aktard\u0131.<\/p>\n","protected":false},"author":1,"featured_media":9198,"comment_status":"closed","ping_status":"closed","sticky":false,"template":"","format":"standard","meta":{"footnotes":""},"categories":[458,459,447],"tags":[2074],"class_list":["post-9197","post","type-post","status-publish","format-standard","has-post-thumbnail","","category-dunya1","category-haberler-arap-uluslararasi-politika","category-politika","tag-mursi-mahkemeye-sevk-edildi"],"_links":{"self":[{"href":"https:\/\/archive.sana.sy\/tr\/index.php?rest_route=\/wp\/v2\/posts\/9197","targetHints":{"allow":["GET"]}}],"collection":[{"href":"https:\/\/archive.sana.sy\/tr\/index.php?rest_route=\/wp\/v2\/posts"}],"about":[{"href":"https:\/\/archive.sana.sy\/tr\/index.php?rest_route=\/wp\/v2\/types\/post"}],"author":[{"embeddable":true,"href":"https:\/\/archive.sana.sy\/tr\/index.php?rest_route=\/wp\/v2\/users\/1"}],"replies":[{"embeddable":true,"href":"https:\/\/archive.sana.sy\/tr\/index.php?rest_route=%2Fwp%2Fv2%2Fcomments&post=9197"}],"version-history":[{"count":0,"href":"https:\/\/archive.sana.sy\/tr\/index.php?rest_route=\/wp\/v2\/posts\/9197\/revisions"}],"wp:featuredmedia":[{"embeddable":true,"href":"https:\/\/archive.sana.sy\/tr\/index.php?rest_route=\/wp\/v2\/media\/9198"}],"wp:attachment":[{"href":"https:\/\/archive.sana.sy\/tr\/index.php?rest_route=%2Fwp%2Fv2%2Fmedia&parent=9197"}],"wp:term":[{"taxonomy":"category","embeddable":true,"href":"https:\/\/archive.sana.sy\/tr\/index.php?rest_route=%2Fwp%2Fv2%2Fcategories&post=9197"},{"taxonomy":"post_tag","embeddable":true,"href":"https:\/\/archive.sana.sy\/tr\/index.php?rest_route=%2Fwp%2Fv2%2Ftags&post=9197"}],"curies":[{"name":"wp","href":"https:\/\/api.w.org\/{rel}","templated":true}]}}