{"id":92023,"date":"2016-10-20T23:30:58","date_gmt":"2016-10-20T20:30:58","guid":{"rendered":"http:\/\/www.sana.sy\/tr\/?p=92023"},"modified":"2016-10-21T13:14:47","modified_gmt":"2016-10-21T10:14:47","slug":"erdogan-rejimi-ve-savas-ucaklarini-uyardi","status":"publish","type":"post","link":"https:\/\/archive.sana.sy\/tr\/?p=92023","title":{"rendered":"Erdo\u011fan Rejimi ve Sava\u015f U\u00e7aklar\u0131n\u0131 Uyard\u0131"},"content":{"rendered":"<p>\u015eAM \u2013 Ordu ve Silahl\u0131 Kuvvetler Genel Komutanl\u0131\u011f\u0131 Erdo\u011fan rejimine tabi sava\u015f u\u00e7aklar\u0131n d\u00fcn Halep k\u0131rsal\u0131n\u0131n kuzeyinde Hesac\u0131k, Verdiye, G\u00fcl Suruc, Sed el \u015eehba, Ehras ve Um Hav\u015f belde ve k\u00f6ylerde sivil yerle\u015fim alanlar\u0131n\u0131 bombalamalar\u0131yla masum sivil vatanda\u015flardan 150\u2019den fazla ki\u015finin kurban gitti\u011fi bir katliam i\u015fledi\u011fini ilan etti.<\/p>\n<p>Genel Komutanl\u0131k bug\u00fcn yay\u0131nlad\u0131\u011f\u0131 ve bir n\u00fcshas\u0131 SANA\u2019ya ula\u015ft\u0131r\u0131lan b\u00fclteninde; Erdo\u011fan rejiminin masum sivil vatanda\u015flar\u0131 hedef alan bu \u00e7irkef ve apa\u00e7\u0131k sald\u0131r\u0131s\u0131n\u0131n durumlar\u0131 daha da karma\u015f\u0131k k\u0131lacak tehlikeli bir geli\u015fme say\u0131ld\u0131\u011f\u0131na dikkat \u00e7ekti.<\/p>\n<p>Genel Komutanl\u0131k; T\u00fcrk sava\u015f u\u00e7aklar\u0131n\u0131n Suriye hava sahas\u0131na y\u00f6nelik tekrarlanacak herhangi bir ihlaline kar\u015f\u0131 mevcut t\u00fcm olanaklarla kar\u015f\u0131 koyulaca\u011f\u0131 ve bu sava\u015f u\u00e7aklar\u0131n\u0131n d\u00fc\u015f\u00fcr\u00fclece\u011fini vurgulad\u0131. Erdo\u011fan rejimi ve sava\u015f u\u00e7aklar\u0131n\u0131n bu eylemlerini sorumsuz olarak nitelendiren genel komutanl\u0131k; b\u00f6lge g\u00fcvenli\u011fi ve istikrar\u0131n\u0131 tehdit etmekle birlikte ter\u00f6r\u00fcn geni\u015flemesi ve yay\u0131lmas\u0131na yol a\u00e7t\u0131\u011f\u0131n\u0131n alt\u0131n\u0131 \u00e7izdi.<\/p>\n<p>Erdo\u011fan rejiminin sava\u015f u\u00e7aklar\u0131 ayr\u0131ca Marei Kentinin g\u00fcneyinde yer alan Um Hav\u015f, Um Kura ve Hasya k\u00f6ylerini yo\u011fun bir \u015fekilde bombalam\u0131\u015f, onlarca vatanda\u015f\u0131n kurban gitmeleriyle birlikte \u00f6zel m\u00fclklerde b\u00fcy\u00fck hasarlar\u0131n meydana gelmesine yol a\u00e7m\u0131\u015ft\u0131.<\/p>\n<p>Erdo\u011fan ordusu yay\u0131nlad\u0131\u011f\u0131 ve Reuters\u2019in aktard\u0131\u011f\u0131 b\u00fclteninde sava\u015f u\u00e7aklar\u0131n\u0131n Halep Kentinin kuzeyinde 26 hava operasyonu ger\u00e7ekle\u015ftirdiklerini ve bu operasyonlarda 200\u2019den fazla K\u00fcrt silahl\u0131y\u0131 \u00f6ld\u00fcrd\u00fc\u011f\u00fcn\u00fc iddia etmi\u015fti.<\/p>\n","protected":false},"excerpt":{"rendered":"<p>\u015eAM \u2013 Ordu ve Silahl\u0131 Kuvvetler Genel Komutanl\u0131\u011f\u0131 Erdo\u011fan rejimine tabi sava\u015f u\u00e7aklar\u0131n d\u00fcn Halep k\u0131rsal\u0131n\u0131n kuzeyinde Hesac\u0131k, Verdiye, G\u00fcl Suruc, Sed el \u015eehba, Ehras ve Um Hav\u015f belde ve k\u00f6ylerde sivil yerle\u015fim alanlar\u0131n\u0131 bombalamalar\u0131yla masum sivil vatanda\u015flardan 150\u2019den fazla ki\u015finin kurban gitti\u011fi bir katliam i\u015fledi\u011fini ilan etti. Genel Komutanl\u0131k bug\u00fcn yay\u0131nlad\u0131\u011f\u0131 ve bir n\u00fcshas\u0131 &hellip;<\/p>\n","protected":false},"author":1,"featured_media":68053,"comment_status":"closed","ping_status":"closed","sticky":false,"template":"","format":"standard","meta":{"footnotes":""},"categories":[479,17988,2554,2555,478],"tags":[24773,24774,2770],"class_list":["post-92023","post","type-post","status-publish","format-standard","has-post-thumbnail","","category-haberler-yerel","category-son-haberler","category-suriye-ve-dunya","category-suriye-ve-turkiye","category-yerel","tag-erdogan-rejimi-ve-savas-ucaklarini-uyardi","tag-erdogan-rejimine-tabi-savas-ucaklarin","tag-ordu-ve-silahli-kuvvetler-genel-komutanligi"],"_links":{"self":[{"href":"https:\/\/archive.sana.sy\/tr\/index.php?rest_route=\/wp\/v2\/posts\/92023","targetHints":{"allow":["GET"]}}],"collection":[{"href":"https:\/\/archive.sana.sy\/tr\/index.php?rest_route=\/wp\/v2\/posts"}],"about":[{"href":"https:\/\/archive.sana.sy\/tr\/index.php?rest_route=\/wp\/v2\/types\/post"}],"author":[{"embeddable":true,"href":"https:\/\/archive.sana.sy\/tr\/index.php?rest_route=\/wp\/v2\/users\/1"}],"replies":[{"embeddable":true,"href":"https:\/\/archive.sana.sy\/tr\/index.php?rest_route=%2Fwp%2Fv2%2Fcomments&post=92023"}],"version-history":[{"count":0,"href":"https:\/\/archive.sana.sy\/tr\/index.php?rest_route=\/wp\/v2\/posts\/92023\/revisions"}],"wp:featuredmedia":[{"embeddable":true,"href":"https:\/\/archive.sana.sy\/tr\/index.php?rest_route=\/wp\/v2\/media\/68053"}],"wp:attachment":[{"href":"https:\/\/archive.sana.sy\/tr\/index.php?rest_route=%2Fwp%2Fv2%2Fmedia&parent=92023"}],"wp:term":[{"taxonomy":"category","embeddable":true,"href":"https:\/\/archive.sana.sy\/tr\/index.php?rest_route=%2Fwp%2Fv2%2Fcategories&post=92023"},{"taxonomy":"post_tag","embeddable":true,"href":"https:\/\/archive.sana.sy\/tr\/index.php?rest_route=%2Fwp%2Fv2%2Ftags&post=92023"}],"curies":[{"name":"wp","href":"https:\/\/api.w.org\/{rel}","templated":true}]}}