{"id":92027,"date":"2016-10-20T21:48:03","date_gmt":"2016-10-20T18:48:03","guid":{"rendered":"http:\/\/www.sana.sy\/tr\/?p=92027"},"modified":"2016-10-21T11:50:43","modified_gmt":"2016-10-21T08:50:43","slug":"halkin-iradesi-ve-kahraman-ordumuzun-fedakarliklariyla-zafer-kacinilmaz","status":"publish","type":"post","link":"https:\/\/archive.sana.sy\/tr\/?p=92027","title":{"rendered":"Halk\u0131n \u0130radesi ve Kahraman Ordumuzun Fedak\u00e2rl\u0131klar\u0131yla Zafer Ka\u00e7\u0131n\u0131lmaz"},"content":{"rendered":"<p>\u015eAM \u2013 \u0130\u00e7i\u015fleri Bakan\u0131 Yard\u0131mc\u0131s\u0131 Halit el H\u0131d\u0131r; Suriye\u2019nin, halk\u0131n\u0131n iradesi ve kahraman ordusunun fedak\u00e2rl\u0131klar\u0131 sayesinde tekfirci ter\u00f6re kar\u015f\u0131 \u015fanl\u0131 bir zafer kazanmas\u0131n\u0131n ka\u00e7\u0131n\u0131lmaz oldu\u011funu ifade etti.<\/p>\n<p>Polis Akademisinde d\u00fczenlenen mezuniyet t\u00f6reninde bir konu\u015fma yapan H\u0131d\u0131r; yeni mezunlar\u0131n i\u00e7 g\u00fcvenlik birimlerin g\u00fcc\u00fcne g\u00fc\u00e7 kataca\u011f\u0131na i\u015faret ederek i\u00e7 g\u00fcvenlik g\u00fc\u00e7lerinin ter\u00f6rle m\u00fccadelede kahraman ordu birliklerimizin yan\u0131nda sergiledikleri duru\u015fun takdir ve sayg\u0131ya \u015fayan oldu\u011funun alt\u0131n\u0131 \u00e7izdi.<\/p>\n<p>H\u0131d\u0131r yeni mezunlara g\u00f6revlerini vatanseverlik duygusu ve \u00f6zveriyle icra etme \u00e7a\u011fr\u0131s\u0131nda bulunarak kanunu uygulama, vatanda\u015fa g\u00fcven verme ve asayi\u015fi sa\u011flaman\u0131n ciddi bir disiplinle m\u00fcmk\u00fcn olaca\u011f\u0131n\u0131n alt\u0131n\u0131 \u00e7izdi.<\/p>\n","protected":false},"excerpt":{"rendered":"<p>\u015eAM \u2013 \u0130\u00e7i\u015fleri Bakan\u0131 Yard\u0131mc\u0131s\u0131 Halit el H\u0131d\u0131r; Suriye\u2019nin, halk\u0131n\u0131n iradesi ve kahraman ordusunun fedak\u00e2rl\u0131klar\u0131 sayesinde tekfirci ter\u00f6re kar\u015f\u0131 \u015fanl\u0131 bir zafer kazanmas\u0131n\u0131n ka\u00e7\u0131n\u0131lmaz oldu\u011funu ifade etti. Polis Akademisinde d\u00fczenlenen mezuniyet t\u00f6reninde bir konu\u015fma yapan H\u0131d\u0131r; yeni mezunlar\u0131n i\u00e7 g\u00fcvenlik birimlerin g\u00fcc\u00fcne g\u00fc\u00e7 kataca\u011f\u0131na i\u015faret ederek i\u00e7 g\u00fcvenlik g\u00fc\u00e7lerinin ter\u00f6rle m\u00fccadelede kahraman ordu birliklerimizin yan\u0131nda &hellip;<\/p>\n","protected":false},"author":1,"featured_media":92028,"comment_status":"closed","ping_status":"closed","sticky":false,"template":"","format":"standard","meta":{"footnotes":""},"categories":[479,17988,478],"tags":[24776,24777],"class_list":["post-92027","post","type-post","status-publish","format-standard","has-post-thumbnail","","category-haberler-yerel","category-son-haberler","category-yerel","tag-halkin-iradesi-ve-kahraman-ordumuzun-fedakarliklariyla-zafer-kacinilmaz","tag-icisleri-bakani-yardimcisi-halit-el-hidir"],"_links":{"self":[{"href":"https:\/\/archive.sana.sy\/tr\/index.php?rest_route=\/wp\/v2\/posts\/92027","targetHints":{"allow":["GET"]}}],"collection":[{"href":"https:\/\/archive.sana.sy\/tr\/index.php?rest_route=\/wp\/v2\/posts"}],"about":[{"href":"https:\/\/archive.sana.sy\/tr\/index.php?rest_route=\/wp\/v2\/types\/post"}],"author":[{"embeddable":true,"href":"https:\/\/archive.sana.sy\/tr\/index.php?rest_route=\/wp\/v2\/users\/1"}],"replies":[{"embeddable":true,"href":"https:\/\/archive.sana.sy\/tr\/index.php?rest_route=%2Fwp%2Fv2%2Fcomments&post=92027"}],"version-history":[{"count":0,"href":"https:\/\/archive.sana.sy\/tr\/index.php?rest_route=\/wp\/v2\/posts\/92027\/revisions"}],"wp:featuredmedia":[{"embeddable":true,"href":"https:\/\/archive.sana.sy\/tr\/index.php?rest_route=\/wp\/v2\/media\/92028"}],"wp:attachment":[{"href":"https:\/\/archive.sana.sy\/tr\/index.php?rest_route=%2Fwp%2Fv2%2Fmedia&parent=92027"}],"wp:term":[{"taxonomy":"category","embeddable":true,"href":"https:\/\/archive.sana.sy\/tr\/index.php?rest_route=%2Fwp%2Fv2%2Fcategories&post=92027"},{"taxonomy":"post_tag","embeddable":true,"href":"https:\/\/archive.sana.sy\/tr\/index.php?rest_route=%2Fwp%2Fv2%2Ftags&post=92027"}],"curies":[{"name":"wp","href":"https:\/\/api.w.org\/{rel}","templated":true}]}}