{"id":92030,"date":"2016-10-20T22:52:46","date_gmt":"2016-10-20T19:52:46","guid":{"rendered":"http:\/\/www.sana.sy\/tr\/?p=92030"},"modified":"2016-10-21T11:55:49","modified_gmt":"2016-10-21T08:55:49","slug":"gogus-kanseri-ve-erken-teshis-baslikli-seminerler-duzenlendi-video","status":"publish","type":"post","link":"https:\/\/archive.sana.sy\/tr\/?p=92030","title":{"rendered":"G\u00f6\u011f\u00fcs Kanseri ve Erken Te\u015fhis Ba\u015fl\u0131kl\u0131 Seminerler D\u00fczenlendi (video)"},"content":{"rendered":"<p>\u015eAM \u2013 Suriye Aile ve N\u00fcfus Kurumu bug\u00fcn Sa\u011fl\u0131k Bakanl\u0131\u011f\u0131 ile i\u015fbirli\u011fi i\u00e7erisinde \u015eehit Nebil Gassan Nakrur ve Mamun Mansur Ge\u00e7ici Konaklama Merkezlerinde ikame etmekte olan kad\u0131nlar i\u00e7in G\u00f6\u011f\u00fcs Kanseri ve Erken te\u015fhis ba\u015fl\u0131kl\u0131 bilin\u00e7lendirme seminerleri d\u00fczenledi.<\/p>\n<p>Seminerlerin ard\u0131ndan kat\u0131l\u0131mc\u0131 kad\u0131nlar g\u00f6\u011f\u00fcs kanseri muayenesinden ge\u00e7irildikten sonra baz\u0131 kad\u0131nlar kesin tan\u0131 i\u00e7in Mamografi testi ve r\u00f6ntgeni i\u00e7in Sa\u011fl\u0131k Merkezine sevk edildi.<\/p>\n<p>SANA\u2019ya bir a\u00e7\u0131klama yapan Aile ve N\u00fcfus Kurumu M\u00fcd\u00fcr\u00fc Vaddah Rekad, G\u00f6\u011f\u00fcs Kanseriyle ilgili erken te\u015fhis ve bilin\u00e7lendirmenin \u00f6nemine dikkat \u00e7ekerek bu t\u00fcr kampanyalar\u0131n b\u00fct\u00fcn merkezleri kapsayacak \u015fekilde yayg\u0131nla\u015ft\u0131r\u0131labilece\u011fini belirtti.<\/p>\n<p>https:\/\/www.youtube.com\/watch?v=5BlSI2HQH54<\/p>\n","protected":false},"excerpt":{"rendered":"<p>\u015eAM \u2013 Suriye Aile ve N\u00fcfus Kurumu bug\u00fcn Sa\u011fl\u0131k Bakanl\u0131\u011f\u0131 ile i\u015fbirli\u011fi i\u00e7erisinde \u015eehit Nebil Gassan Nakrur ve Mamun Mansur Ge\u00e7ici Konaklama Merkezlerinde ikame etmekte olan kad\u0131nlar i\u00e7in G\u00f6\u011f\u00fcs Kanseri ve Erken te\u015fhis ba\u015fl\u0131kl\u0131 bilin\u00e7lendirme seminerleri d\u00fczenledi. Seminerlerin ard\u0131ndan kat\u0131l\u0131mc\u0131 kad\u0131nlar g\u00f6\u011f\u00fcs kanseri muayenesinden ge\u00e7irildikten sonra baz\u0131 kad\u0131nlar kesin tan\u0131 i\u00e7in Mamografi testi ve r\u00f6ntgeni &hellip;<\/p>\n","protected":false},"author":1,"featured_media":92032,"comment_status":"closed","ping_status":"closed","sticky":false,"template":"","format":"standard","meta":{"footnotes":""},"categories":[526,479,17988,525,478],"tags":[24778,24779],"class_list":["post-92030","post","type-post","status-publish","format-standard","has-post-thumbnail","","category-haber-ve-raporlar","category-haberler-yerel","category-son-haberler","category-toplum","category-yerel","tag-gogus-kanseri-ve-erken-teshis-baslikli-seminerler-duzenlendi","tag-suriye-aile-ve-nufus-kurumu-bugun-saglik-bakanligi-ile-isbirligi-icerisinde-sehit-nebil-gassan-nakrur-ve-mamun-mansur-gecici-konaklama-merkezlerinde-ikame-etmekte-olan-kadinlar-icin-gogus-kanseri"],"_links":{"self":[{"href":"https:\/\/archive.sana.sy\/tr\/index.php?rest_route=\/wp\/v2\/posts\/92030","targetHints":{"allow":["GET"]}}],"collection":[{"href":"https:\/\/archive.sana.sy\/tr\/index.php?rest_route=\/wp\/v2\/posts"}],"about":[{"href":"https:\/\/archive.sana.sy\/tr\/index.php?rest_route=\/wp\/v2\/types\/post"}],"author":[{"embeddable":true,"href":"https:\/\/archive.sana.sy\/tr\/index.php?rest_route=\/wp\/v2\/users\/1"}],"replies":[{"embeddable":true,"href":"https:\/\/archive.sana.sy\/tr\/index.php?rest_route=%2Fwp%2Fv2%2Fcomments&post=92030"}],"version-history":[{"count":0,"href":"https:\/\/archive.sana.sy\/tr\/index.php?rest_route=\/wp\/v2\/posts\/92030\/revisions"}],"wp:featuredmedia":[{"embeddable":true,"href":"https:\/\/archive.sana.sy\/tr\/index.php?rest_route=\/wp\/v2\/media\/92032"}],"wp:attachment":[{"href":"https:\/\/archive.sana.sy\/tr\/index.php?rest_route=%2Fwp%2Fv2%2Fmedia&parent=92030"}],"wp:term":[{"taxonomy":"category","embeddable":true,"href":"https:\/\/archive.sana.sy\/tr\/index.php?rest_route=%2Fwp%2Fv2%2Fcategories&post=92030"},{"taxonomy":"post_tag","embeddable":true,"href":"https:\/\/archive.sana.sy\/tr\/index.php?rest_route=%2Fwp%2Fv2%2Ftags&post=92030"}],"curies":[{"name":"wp","href":"https:\/\/api.w.org\/{rel}","templated":true}]}}