{"id":92068,"date":"2016-10-21T09:25:34","date_gmt":"2016-10-21T06:25:34","guid":{"rendered":"http:\/\/www.sana.sy\/tr\/?p=92068"},"modified":"2016-10-23T09:54:39","modified_gmt":"2016-10-23T06:54:39","slug":"lavrov-turkiyenin-hava-saldirilarindan-endiseliyiz","status":"publish","type":"post","link":"https:\/\/archive.sana.sy\/tr\/?p=92068","title":{"rendered":"Lavrov: T\u00fcrkiye\u2019nin Hava Sald\u0131r\u0131lar\u0131ndan Endi\u015feliyiz"},"content":{"rendered":"<p>MOSKOVA \u2013 Rusya D\u0131\u015fi\u015fleri Bakan\u0131 Sergey Lavrov; Halep\u2019in do\u011fusunda mevcut \u2018silahl\u0131 muhaliflerin\u2019, sivillerin semtlerden g\u00fcvenli b\u00f6lgelere \u00e7\u0131k\u0131\u015flar\u0131n\u0131 ve insani yard\u0131mlar\u0131n da do\u011fu semtlere ula\u015ft\u0131r\u0131lmas\u0131n\u0131 engellediklerini belirtti.<\/p>\n<p>Lavrov bug\u00fcn d\u00fczenledi\u011fi bas\u0131n konferans\u0131nda; Rusya&#8217;n\u0131n, BM kararlar\u0131n\u0131n hayata ge\u00e7irilmesine \u0131srar etti\u011fini, d\u0131\u015f m\u00fcdahale olmaks\u0131z\u0131n bizzat Suriyeliler aras\u0131nda siyasi diyalogun yeniden ba\u015flamas\u0131 gere\u011finin alt\u0131n\u0131 bir kez daha alt\u0131n\u0131 \u00e7izdi\u011fini kaydetti.<\/p>\n<p>Suriye&#8217;nin BM\u2019de \u00fcye egemen bir devlet oldu\u011funa vurgu yapan Lavrov; Suriye&#8217;nin topraklar\u0131 ve hava sahas\u0131 \u00fczerinde tam bir egemenlik hakk\u0131na sahip oldu\u011funa dikkat \u00e7ekti.<\/p>\n<p>Lavrov Rusya&#8217;n\u0131n, T\u00fcrkiye rejimine tabi hava g\u00fc\u00e7lerinin Suriye topraklar\u0131na bulundu\u011fu sald\u0131r\u0131lardan derin bir endi\u015fe duydu\u011funu ifade etti.<\/p>\n","protected":false},"excerpt":{"rendered":"<p>MOSKOVA \u2013 Rusya D\u0131\u015fi\u015fleri Bakan\u0131 Sergey Lavrov; Halep\u2019in do\u011fusunda mevcut \u2018silahl\u0131 muhaliflerin\u2019, sivillerin semtlerden g\u00fcvenli b\u00f6lgelere \u00e7\u0131k\u0131\u015flar\u0131n\u0131 ve insani yard\u0131mlar\u0131n da do\u011fu semtlere ula\u015ft\u0131r\u0131lmas\u0131n\u0131 engellediklerini belirtti. Lavrov bug\u00fcn d\u00fczenledi\u011fi bas\u0131n konferans\u0131nda; Rusya&#8217;n\u0131n, BM kararlar\u0131n\u0131n hayata ge\u00e7irilmesine \u0131srar etti\u011fini, d\u0131\u015f m\u00fcdahale olmaks\u0131z\u0131n bizzat Suriyeliler aras\u0131nda siyasi diyalogun yeniden ba\u015flamas\u0131 gere\u011finin alt\u0131n\u0131 bir kez daha alt\u0131n\u0131 \u00e7izdi\u011fini &hellip;<\/p>\n","protected":false},"author":1,"featured_media":90704,"comment_status":"closed","ping_status":"closed","sticky":false,"template":"","format":"standard","meta":{"footnotes":""},"categories":[479,17988,478],"tags":[24781,10651],"class_list":["post-92068","post","type-post","status-publish","format-standard","has-post-thumbnail","","category-haberler-yerel","category-son-haberler","category-yerel","tag-lavrov-turkiyenin-hava-saldirilarindan-endiseliyiz","tag-rusya-disisleri-bakani-sergey-lavrov"],"_links":{"self":[{"href":"https:\/\/archive.sana.sy\/tr\/index.php?rest_route=\/wp\/v2\/posts\/92068","targetHints":{"allow":["GET"]}}],"collection":[{"href":"https:\/\/archive.sana.sy\/tr\/index.php?rest_route=\/wp\/v2\/posts"}],"about":[{"href":"https:\/\/archive.sana.sy\/tr\/index.php?rest_route=\/wp\/v2\/types\/post"}],"author":[{"embeddable":true,"href":"https:\/\/archive.sana.sy\/tr\/index.php?rest_route=\/wp\/v2\/users\/1"}],"replies":[{"embeddable":true,"href":"https:\/\/archive.sana.sy\/tr\/index.php?rest_route=%2Fwp%2Fv2%2Fcomments&post=92068"}],"version-history":[{"count":0,"href":"https:\/\/archive.sana.sy\/tr\/index.php?rest_route=\/wp\/v2\/posts\/92068\/revisions"}],"wp:featuredmedia":[{"embeddable":true,"href":"https:\/\/archive.sana.sy\/tr\/index.php?rest_route=\/wp\/v2\/media\/90704"}],"wp:attachment":[{"href":"https:\/\/archive.sana.sy\/tr\/index.php?rest_route=%2Fwp%2Fv2%2Fmedia&parent=92068"}],"wp:term":[{"taxonomy":"category","embeddable":true,"href":"https:\/\/archive.sana.sy\/tr\/index.php?rest_route=%2Fwp%2Fv2%2Fcategories&post=92068"},{"taxonomy":"post_tag","embeddable":true,"href":"https:\/\/archive.sana.sy\/tr\/index.php?rest_route=%2Fwp%2Fv2%2Ftags&post=92068"}],"curies":[{"name":"wp","href":"https:\/\/api.w.org\/{rel}","templated":true}]}}