{"id":92121,"date":"2016-10-21T20:15:25","date_gmt":"2016-10-21T17:15:25","guid":{"rendered":"http:\/\/www.sana.sy\/tr\/?p=92121"},"modified":"2016-10-21T20:15:25","modified_gmt":"2016-10-21T17:15:25","slug":"ordu-birliklerimiz-cobarda-radikal-teroristlerin-askeri-mevkilere-saldirilarini-cokerterek-onlari-sayi-ve-ekipmanlariyla-buyuk-kayiplara-ugratti","status":"publish","type":"post","link":"https:\/\/archive.sana.sy\/tr\/?p=92121","title":{"rendered":"Ordu birliklerimiz Cobar\u2019da radikal ter\u00f6ristlerin askeri mevkilere sald\u0131r\u0131lar\u0131n\u0131 \u00e7\u00f6kerterek onlar\u0131 say\u0131 ve ekipmanlar\u0131yla b\u00fcy\u00fck kay\u0131plara u\u011fratt\u0131"},"content":{"rendered":"<p>Ordu birliklerimiz Cobar\u2019da radikal ter\u00f6ristlerin askeri mevkilere sald\u0131r\u0131lar\u0131n\u0131 \u00e7\u00f6kerterek onlar\u0131 say\u0131 ve ekipmanlar\u0131yla b\u00fcy\u00fck kay\u0131plara u\u011fratt\u0131.<\/p>\n<p>https:\/\/www.youtube.com\/watch?v=IocEXWM29jA<\/p>\n","protected":false},"excerpt":{"rendered":"<p>Ordu birliklerimiz Cobar\u2019da radikal ter\u00f6ristlerin askeri mevkilere sald\u0131r\u0131lar\u0131n\u0131 \u00e7\u00f6kerterek onlar\u0131 say\u0131 ve ekipmanlar\u0131yla b\u00fcy\u00fck kay\u0131plara u\u011fratt\u0131. https:\/\/www.youtube.com\/watch?v=IocEXWM29jA<\/p>\n","protected":false},"author":1,"featured_media":92123,"comment_status":"closed","ping_status":"closed","sticky":false,"template":"","format":"standard","meta":{"footnotes":""},"categories":[18295],"tags":[],"class_list":["post-92121","post","type-post","status-publish","format-standard","has-post-thumbnail","","category-sana-video"],"_links":{"self":[{"href":"https:\/\/archive.sana.sy\/tr\/index.php?rest_route=\/wp\/v2\/posts\/92121","targetHints":{"allow":["GET"]}}],"collection":[{"href":"https:\/\/archive.sana.sy\/tr\/index.php?rest_route=\/wp\/v2\/posts"}],"about":[{"href":"https:\/\/archive.sana.sy\/tr\/index.php?rest_route=\/wp\/v2\/types\/post"}],"author":[{"embeddable":true,"href":"https:\/\/archive.sana.sy\/tr\/index.php?rest_route=\/wp\/v2\/users\/1"}],"replies":[{"embeddable":true,"href":"https:\/\/archive.sana.sy\/tr\/index.php?rest_route=%2Fwp%2Fv2%2Fcomments&post=92121"}],"version-history":[{"count":0,"href":"https:\/\/archive.sana.sy\/tr\/index.php?rest_route=\/wp\/v2\/posts\/92121\/revisions"}],"wp:featuredmedia":[{"embeddable":true,"href":"https:\/\/archive.sana.sy\/tr\/index.php?rest_route=\/wp\/v2\/media\/92123"}],"wp:attachment":[{"href":"https:\/\/archive.sana.sy\/tr\/index.php?rest_route=%2Fwp%2Fv2%2Fmedia&parent=92121"}],"wp:term":[{"taxonomy":"category","embeddable":true,"href":"https:\/\/archive.sana.sy\/tr\/index.php?rest_route=%2Fwp%2Fv2%2Fcategories&post=92121"},{"taxonomy":"post_tag","embeddable":true,"href":"https:\/\/archive.sana.sy\/tr\/index.php?rest_route=%2Fwp%2Fv2%2Ftags&post=92121"}],"curies":[{"name":"wp","href":"https:\/\/api.w.org\/{rel}","templated":true}]}}