{"id":92129,"date":"2016-10-22T09:00:06","date_gmt":"2016-10-22T06:00:06","guid":{"rendered":"http:\/\/www.sana.sy\/tr\/?p=92129"},"modified":"2016-10-23T13:35:48","modified_gmt":"2016-10-23T10:35:48","slug":"abd-bir-nevi-ilerleme-saglandigini-kaydetti","status":"publish","type":"post","link":"https:\/\/archive.sana.sy\/tr\/?p=92129","title":{"rendered":"ABD, Bir Nevi \u0130lerleme Sa\u011fland\u0131\u011f\u0131n\u0131 Kaydetti"},"content":{"rendered":"<p>WASH\u0130NGTON \u2013 ABD D\u0131\u015fi\u015fleri Bakanl\u0131\u011f\u0131; ABD, Rusya ve daha ba\u015fka \u00fclkeler aras\u0131nda Cenevre&#8217;de y\u00fcr\u00fct\u00fclen Suriye konulu g\u00f6r\u00fc\u015fmelerde bu hafta \u00f6zellikle Halep\u2019teki durumlar olmak \u00fczere krizin \u00e7\u00f6z\u00fcm\u00fc konusunda bir nevi ilerleme sa\u011fland\u0131\u011f\u0131n\u0131 ilan etti.<\/p>\n<p>ABD D\u0131\u015fi\u015fleri Bakanl\u0131\u011f\u0131 S\u00f6zc\u00fcs\u00fc John Kirby yapt\u0131\u011f\u0131 bas\u0131n a\u00e7\u0131klamas\u0131nda; umutlar\u0131nda ileri gitmek istemedi\u011fini, fakat hen\u00fcz \u00e7\u00f6z\u00fclmeyen meselelerin \u00f6n\u00fcm\u00fczdeki g\u00fcnler i\u00e7inde \u00e7\u00f6z\u00fclmesini temenni etti\u011fini ifade etti. Kirby g\u00f6r\u00fc\u015fmelere kat\u0131lan taraflar aras\u0131nda hala bo\u015fluklar\u0131n bulundu\u011funu s\u00f6yledi.<\/p>\n","protected":false},"excerpt":{"rendered":"<p>WASH\u0130NGTON \u2013 ABD D\u0131\u015fi\u015fleri Bakanl\u0131\u011f\u0131; ABD, Rusya ve daha ba\u015fka \u00fclkeler aras\u0131nda Cenevre&#8217;de y\u00fcr\u00fct\u00fclen Suriye konulu g\u00f6r\u00fc\u015fmelerde bu hafta \u00f6zellikle Halep\u2019teki durumlar olmak \u00fczere krizin \u00e7\u00f6z\u00fcm\u00fc konusunda bir nevi ilerleme sa\u011fland\u0131\u011f\u0131n\u0131 ilan etti. ABD D\u0131\u015fi\u015fleri Bakanl\u0131\u011f\u0131 S\u00f6zc\u00fcs\u00fc John Kirby yapt\u0131\u011f\u0131 bas\u0131n a\u00e7\u0131klamas\u0131nda; umutlar\u0131nda ileri gitmek istemedi\u011fini, fakat hen\u00fcz \u00e7\u00f6z\u00fclmeyen meselelerin \u00f6n\u00fcm\u00fczdeki g\u00fcnler i\u00e7inde \u00e7\u00f6z\u00fclmesini temenni &hellip;<\/p>\n","protected":false},"author":1,"featured_media":92132,"comment_status":"closed","ping_status":"closed","sticky":false,"template":"","format":"standard","meta":{"footnotes":""},"categories":[458,459,17988],"tags":[19601,18473,24799,24800],"class_list":["post-92129","post","type-post","status-publish","format-standard","has-post-thumbnail","","category-dunya1","category-haberler-arap-uluslararasi-politika","category-son-haberler","tag-abd-disisleri-bakanligi","tag-cenevre-gorusmeleri","tag-john-kirby","tag-suriyedeki-krize-cozum-gorusmeleri"],"_links":{"self":[{"href":"https:\/\/archive.sana.sy\/tr\/index.php?rest_route=\/wp\/v2\/posts\/92129","targetHints":{"allow":["GET"]}}],"collection":[{"href":"https:\/\/archive.sana.sy\/tr\/index.php?rest_route=\/wp\/v2\/posts"}],"about":[{"href":"https:\/\/archive.sana.sy\/tr\/index.php?rest_route=\/wp\/v2\/types\/post"}],"author":[{"embeddable":true,"href":"https:\/\/archive.sana.sy\/tr\/index.php?rest_route=\/wp\/v2\/users\/1"}],"replies":[{"embeddable":true,"href":"https:\/\/archive.sana.sy\/tr\/index.php?rest_route=%2Fwp%2Fv2%2Fcomments&post=92129"}],"version-history":[{"count":0,"href":"https:\/\/archive.sana.sy\/tr\/index.php?rest_route=\/wp\/v2\/posts\/92129\/revisions"}],"wp:featuredmedia":[{"embeddable":true,"href":"https:\/\/archive.sana.sy\/tr\/index.php?rest_route=\/wp\/v2\/media\/92132"}],"wp:attachment":[{"href":"https:\/\/archive.sana.sy\/tr\/index.php?rest_route=%2Fwp%2Fv2%2Fmedia&parent=92129"}],"wp:term":[{"taxonomy":"category","embeddable":true,"href":"https:\/\/archive.sana.sy\/tr\/index.php?rest_route=%2Fwp%2Fv2%2Fcategories&post=92129"},{"taxonomy":"post_tag","embeddable":true,"href":"https:\/\/archive.sana.sy\/tr\/index.php?rest_route=%2Fwp%2Fv2%2Ftags&post=92129"}],"curies":[{"name":"wp","href":"https:\/\/api.w.org\/{rel}","templated":true}]}}