{"id":92131,"date":"2016-10-21T22:46:33","date_gmt":"2016-10-21T19:46:33","guid":{"rendered":"http:\/\/www.sana.sy\/tr\/?p=92131"},"modified":"2016-10-22T13:23:20","modified_gmt":"2016-10-22T10:23:20","slug":"patrik-yunan-suriyeliler-baris-ve-sevgiyi-yasatacak-guce-sahiptir","status":"publish","type":"post","link":"https:\/\/archive.sana.sy\/tr\/?p=92131","title":{"rendered":"Patrik Yunan: Suriyeliler Bar\u0131\u015f ve Sevgiyi Ya\u015fatacak G\u00fcce Sahiptir"},"content":{"rendered":"<p>HOMS \u2013 S\u00fcryani Katolik Patri\u011fi Mar \u0130gnatius III. Yusuf Yunan; Suriyelilerin vatan topraklar\u0131nda derin k\u00f6klere sahip olduklar\u0131n\u0131 ve vatanlar\u0131n\u0131 yeniden in\u015fa ederek bar\u0131\u015f ve sevgiyi ya\u015fatmaya devam edecek g\u00fcce sahip olduklar\u0131n\u0131 ifade etti.<\/p>\n<p>Vadi el Nadara b\u00f6lgesinde Marmarita\u2019da Seyyida el Selam (Bar\u0131\u015f) Manast\u0131r\u0131n\u0131n temel atma t\u00f6renine kat\u0131lan Patrik, bar\u0131\u015f\u0131 b\u00fct\u00fcn vatan topraklar\u0131nda ilmek ilmek dokuyan ger\u00e7ek bar\u0131\u015f akt\u00f6rlerine b\u00fcy\u00fck bir ihtiya\u00e7 duyuldu\u011funu dile getirdi.<\/p>\n<p>Bar\u0131\u015f Manast\u0131r\u0131n\u0131n in\u015fa edilmesinin b\u00fct\u00fcn Suriyelileri sevgi ve ho\u015fg\u00f6r\u00fc \u00e7at\u0131s\u0131 alt\u0131nda toplamay\u0131 ama\u00e7lad\u0131\u011f\u0131n\u0131 ifade eden Patrik; vatan savunmas\u0131nda canlar\u0131n\u0131 teredd\u00fcts\u00fczce feda eden b\u00fct\u00fcn \u015fehitlerimize Allahtan rahmet diledi.<\/p>\n<p>Ayr\u0131ca Homs Valisi Talal Berazi sevgi ve karde\u015flik de\u011ferlerinin insanl\u0131\u011f\u0131n ve Suriye\u2019nin temel de\u011ferleri oldu\u011funu ifade ederek ter\u00f6r ve destek\u00e7ilerine kar\u015f\u0131 verilen \u015fanl\u0131 direni\u015fin bir onur oldu\u011funu belirtti.<\/p>\n<p>Bilinece\u011fi \u00fczere Marmarita\u2019da in\u015faat\u0131 ba\u015flayan Seyyida el Selam Manast\u0131r\u0131 700 metre kare alanda 150 ki\u015fiye bar\u0131nma olana\u011f\u0131 sa\u011flayacak bina gruplar\u0131ndan olu\u015fuyor.<\/p>\n<div id='gallery-1' class='gallery galleryid-92131 gallery-columns-3 gallery-size-thumbnail'><figure class='gallery-item'>\n\t\t\t<div class='gallery-icon landscape'>\n\t\t\t\t<a href='https:\/\/archive.sana.sy\/tr\/wp-content\/uploads\/2016\/10\/1-47.jpg'><img loading=\"lazy\" decoding=\"async\" width=\"150\" height=\"75\" src=\"https:\/\/archive.sana.sy\/tr\/wp-content\/uploads\/2016\/10\/1-47-150x75.jpg\" class=\"attachment-thumbnail size-thumbnail\" alt=\"\" srcset=\"https:\/\/archive.sana.sy\/tr\/wp-content\/uploads\/2016\/10\/1-47-150x75.jpg 150w, https:\/\/archive.sana.sy\/tr\/wp-content\/uploads\/2016\/10\/1-47-300x150.jpg 300w, https:\/\/archive.sana.sy\/tr\/wp-content\/uploads\/2016\/10\/1-47.jpg 660w\" sizes=\"auto, (max-width: 150px) 100vw, 150px\" \/><\/a>\n\t\t\t<\/div><\/figure><figure class='gallery-item'>\n\t\t\t<div class='gallery-icon landscape'>\n\t\t\t\t<a href='https:\/\/archive.sana.sy\/tr\/wp-content\/uploads\/2016\/10\/3-34.jpg'><img loading=\"lazy\" decoding=\"async\" width=\"150\" height=\"96\" src=\"https:\/\/archive.sana.sy\/tr\/wp-content\/uploads\/2016\/10\/3-34-150x96.jpg\" class=\"attachment-thumbnail size-thumbnail\" alt=\"\" srcset=\"https:\/\/archive.sana.sy\/tr\/wp-content\/uploads\/2016\/10\/3-34-150x96.jpg 150w, https:\/\/archive.sana.sy\/tr\/wp-content\/uploads\/2016\/10\/3-34-300x193.jpg 300w, https:\/\/archive.sana.sy\/tr\/wp-content\/uploads\/2016\/10\/3-34.jpg 660w\" sizes=\"auto, (max-width: 150px) 100vw, 150px\" \/><\/a>\n\t\t\t<\/div><\/figure><figure class='gallery-item'>\n\t\t\t<div class='gallery-icon landscape'>\n\t\t\t\t<a href='https:\/\/archive.sana.sy\/tr\/wp-content\/uploads\/2016\/10\/4-27.jpg'><img loading=\"lazy\" decoding=\"async\" width=\"150\" height=\"100\" src=\"https:\/\/archive.sana.sy\/tr\/wp-content\/uploads\/2016\/10\/4-27-150x100.jpg\" class=\"attachment-thumbnail size-thumbnail\" alt=\"\" srcset=\"https:\/\/archive.sana.sy\/tr\/wp-content\/uploads\/2016\/10\/4-27-150x100.jpg 150w, https:\/\/archive.sana.sy\/tr\/wp-content\/uploads\/2016\/10\/4-27-300x199.jpg 300w, https:\/\/archive.sana.sy\/tr\/wp-content\/uploads\/2016\/10\/4-27-310x205.jpg 310w, https:\/\/archive.sana.sy\/tr\/wp-content\/uploads\/2016\/10\/4-27.jpg 660w\" sizes=\"auto, (max-width: 150px) 100vw, 150px\" \/><\/a>\n\t\t\t<\/div><\/figure><figure class='gallery-item'>\n\t\t\t<div class='gallery-icon landscape'>\n\t\t\t\t<a href='https:\/\/archive.sana.sy\/tr\/wp-content\/uploads\/2016\/10\/5-20.jpg'><img loading=\"lazy\" decoding=\"async\" width=\"150\" height=\"100\" src=\"https:\/\/archive.sana.sy\/tr\/wp-content\/uploads\/2016\/10\/5-20-150x100.jpg\" class=\"attachment-thumbnail size-thumbnail\" alt=\"\" srcset=\"https:\/\/archive.sana.sy\/tr\/wp-content\/uploads\/2016\/10\/5-20-150x100.jpg 150w, https:\/\/archive.sana.sy\/tr\/wp-content\/uploads\/2016\/10\/5-20-300x199.jpg 300w, https:\/\/archive.sana.sy\/tr\/wp-content\/uploads\/2016\/10\/5-20-310x205.jpg 310w, https:\/\/archive.sana.sy\/tr\/wp-content\/uploads\/2016\/10\/5-20.jpg 660w\" sizes=\"auto, (max-width: 150px) 100vw, 150px\" \/><\/a>\n\t\t\t<\/div><\/figure><figure class='gallery-item'>\n\t\t\t<div class='gallery-icon landscape'>\n\t\t\t\t<a href='https:\/\/archive.sana.sy\/tr\/wp-content\/uploads\/2016\/10\/6-20.jpg'><img loading=\"lazy\" decoding=\"async\" width=\"150\" height=\"100\" src=\"https:\/\/archive.sana.sy\/tr\/wp-content\/uploads\/2016\/10\/6-20-150x100.jpg\" class=\"attachment-thumbnail size-thumbnail\" alt=\"\" srcset=\"https:\/\/archive.sana.sy\/tr\/wp-content\/uploads\/2016\/10\/6-20-150x100.jpg 150w, https:\/\/archive.sana.sy\/tr\/wp-content\/uploads\/2016\/10\/6-20-300x199.jpg 300w, https:\/\/archive.sana.sy\/tr\/wp-content\/uploads\/2016\/10\/6-20-310x205.jpg 310w, https:\/\/archive.sana.sy\/tr\/wp-content\/uploads\/2016\/10\/6-20.jpg 660w\" sizes=\"auto, (max-width: 150px) 100vw, 150px\" \/><\/a>\n\t\t\t<\/div><\/figure><figure class='gallery-item'>\n\t\t\t<div class='gallery-icon landscape'>\n\t\t\t\t<a href='https:\/\/archive.sana.sy\/tr\/wp-content\/uploads\/2016\/10\/7-16.jpg'><img loading=\"lazy\" decoding=\"async\" width=\"150\" height=\"100\" src=\"https:\/\/archive.sana.sy\/tr\/wp-content\/uploads\/2016\/10\/7-16-150x100.jpg\" class=\"attachment-thumbnail size-thumbnail\" alt=\"\" srcset=\"https:\/\/archive.sana.sy\/tr\/wp-content\/uploads\/2016\/10\/7-16-150x100.jpg 150w, https:\/\/archive.sana.sy\/tr\/wp-content\/uploads\/2016\/10\/7-16-300x199.jpg 300w, https:\/\/archive.sana.sy\/tr\/wp-content\/uploads\/2016\/10\/7-16-310x205.jpg 310w, https:\/\/archive.sana.sy\/tr\/wp-content\/uploads\/2016\/10\/7-16.jpg 660w\" sizes=\"auto, (max-width: 150px) 100vw, 150px\" \/><\/a>\n\t\t\t<\/div><\/figure>\n\t\t<\/div>\n\n","protected":false},"excerpt":{"rendered":"<p>HOMS \u2013 S\u00fcryani Katolik Patri\u011fi Mar \u0130gnatius III. Yusuf Yunan; Suriyelilerin vatan topraklar\u0131nda derin k\u00f6klere sahip olduklar\u0131n\u0131 ve vatanlar\u0131n\u0131 yeniden in\u015fa ederek bar\u0131\u015f ve sevgiyi ya\u015fatmaya devam edecek g\u00fcce sahip olduklar\u0131n\u0131 ifade etti. Vadi el Nadara b\u00f6lgesinde Marmarita\u2019da Seyyida el Selam (Bar\u0131\u015f) Manast\u0131r\u0131n\u0131n temel atma t\u00f6renine kat\u0131lan Patrik, bar\u0131\u015f\u0131 b\u00fct\u00fcn vatan topraklar\u0131nda ilmek ilmek dokuyan &hellip;<\/p>\n","protected":false},"author":1,"featured_media":92137,"comment_status":"closed","ping_status":"closed","sticky":false,"template":"","format":"standard","meta":{"footnotes":""},"categories":[526,479,17988,525,478],"tags":[24802,20392,24801,20393],"class_list":["post-92131","post","type-post","status-publish","format-standard","has-post-thumbnail","","category-haber-ve-raporlar","category-haberler-yerel","category-son-haberler","category-toplum","category-yerel","tag-baris-manasti","tag-homs-valisi","tag-suryani-katolik-patrigi-mar-ignatius-iii-yusuf-yunan","tag-telal-el-berazi"],"_links":{"self":[{"href":"https:\/\/archive.sana.sy\/tr\/index.php?rest_route=\/wp\/v2\/posts\/92131","targetHints":{"allow":["GET"]}}],"collection":[{"href":"https:\/\/archive.sana.sy\/tr\/index.php?rest_route=\/wp\/v2\/posts"}],"about":[{"href":"https:\/\/archive.sana.sy\/tr\/index.php?rest_route=\/wp\/v2\/types\/post"}],"author":[{"embeddable":true,"href":"https:\/\/archive.sana.sy\/tr\/index.php?rest_route=\/wp\/v2\/users\/1"}],"replies":[{"embeddable":true,"href":"https:\/\/archive.sana.sy\/tr\/index.php?rest_route=%2Fwp%2Fv2%2Fcomments&post=92131"}],"version-history":[{"count":0,"href":"https:\/\/archive.sana.sy\/tr\/index.php?rest_route=\/wp\/v2\/posts\/92131\/revisions"}],"wp:featuredmedia":[{"embeddable":true,"href":"https:\/\/archive.sana.sy\/tr\/index.php?rest_route=\/wp\/v2\/media\/92137"}],"wp:attachment":[{"href":"https:\/\/archive.sana.sy\/tr\/index.php?rest_route=%2Fwp%2Fv2%2Fmedia&parent=92131"}],"wp:term":[{"taxonomy":"category","embeddable":true,"href":"https:\/\/archive.sana.sy\/tr\/index.php?rest_route=%2Fwp%2Fv2%2Fcategories&post=92131"},{"taxonomy":"post_tag","embeddable":true,"href":"https:\/\/archive.sana.sy\/tr\/index.php?rest_route=%2Fwp%2Fv2%2Ftags&post=92131"}],"curies":[{"name":"wp","href":"https:\/\/api.w.org\/{rel}","templated":true}]}}