{"id":92135,"date":"2016-10-22T08:19:02","date_gmt":"2016-10-22T05:19:02","guid":{"rendered":"http:\/\/www.sana.sy\/tr\/?p=92135"},"modified":"2016-10-22T13:29:03","modified_gmt":"2016-10-22T10:29:03","slug":"hama-emniyet-mudurlugunde-bir-kaynak-sanaya-aciklamasinda-hama-kirsalinda-ceysul-fetih-fetih-ordusu-adi-altinda-ozellikle-suudi-arabistan-ve-turkiye-rejimlerinden-destek-a","status":"publish","type":"post","link":"https:\/\/archive.sana.sy\/tr\/?p=92135","title":{"rendered":"Hama Emniyet M\u00fcd\u00fcrl\u00fc\u011f\u00fcnde bir kaynak SANA\u2019ya a\u00e7\u0131klamas\u0131nda Hama k\u0131rsal\u0131nda \u2018Cey\u015ful Fetih\u2019 (Fetih Ordusu) ad\u0131 alt\u0131nda \u00f6zellikle Suudi Arabistan ve T\u00fcrkiye rejimlerinden destek alan ter\u00f6ristlerin Latamina Beldesinden Mharde Beldesini f\u00fczelerle hedef ald\u0131klar\u0131n\u0131 aktard\u0131."},"content":{"rendered":"<p>Hama Emniyet M\u00fcd\u00fcrl\u00fc\u011f\u00fcnde bir kaynak SANA\u2019ya a\u00e7\u0131klamas\u0131nda Hama k\u0131rsal\u0131nda \u2018Cey\u015ful Fetih\u2019 (Fetih Ordusu) ad\u0131 alt\u0131nda \u00f6zellikle Suudi Arabistan ve T\u00fcrkiye rejimlerinden destek alan ter\u00f6ristlerin Latamina Beldesinden Mharde Beldesini f\u00fczelerle hedef ald\u0131klar\u0131n\u0131 aktard\u0131.<\/p>\n","protected":false},"excerpt":{"rendered":"<p>Hama Emniyet M\u00fcd\u00fcrl\u00fc\u011f\u00fcnde bir kaynak SANA\u2019ya a\u00e7\u0131klamas\u0131nda Hama k\u0131rsal\u0131nda \u2018Cey\u015ful Fetih\u2019 (Fetih Ordusu) ad\u0131 alt\u0131nda \u00f6zellikle Suudi Arabistan ve T\u00fcrkiye rejimlerinden destek alan ter\u00f6ristlerin Latamina Beldesinden Mharde Beldesini f\u00fczelerle hedef ald\u0131klar\u0131n\u0131 aktard\u0131.<\/p>\n","protected":false},"author":1,"featured_media":0,"comment_status":"closed","ping_status":"closed","sticky":false,"template":"","format":"standard","meta":{"footnotes":""},"categories":[17991],"tags":[],"class_list":["post-92135","post","type-post","status-publish","format-standard","","category-son-dakika"],"_links":{"self":[{"href":"https:\/\/archive.sana.sy\/tr\/index.php?rest_route=\/wp\/v2\/posts\/92135","targetHints":{"allow":["GET"]}}],"collection":[{"href":"https:\/\/archive.sana.sy\/tr\/index.php?rest_route=\/wp\/v2\/posts"}],"about":[{"href":"https:\/\/archive.sana.sy\/tr\/index.php?rest_route=\/wp\/v2\/types\/post"}],"author":[{"embeddable":true,"href":"https:\/\/archive.sana.sy\/tr\/index.php?rest_route=\/wp\/v2\/users\/1"}],"replies":[{"embeddable":true,"href":"https:\/\/archive.sana.sy\/tr\/index.php?rest_route=%2Fwp%2Fv2%2Fcomments&post=92135"}],"version-history":[{"count":0,"href":"https:\/\/archive.sana.sy\/tr\/index.php?rest_route=\/wp\/v2\/posts\/92135\/revisions"}],"wp:attachment":[{"href":"https:\/\/archive.sana.sy\/tr\/index.php?rest_route=%2Fwp%2Fv2%2Fmedia&parent=92135"}],"wp:term":[{"taxonomy":"category","embeddable":true,"href":"https:\/\/archive.sana.sy\/tr\/index.php?rest_route=%2Fwp%2Fv2%2Fcategories&post=92135"},{"taxonomy":"post_tag","embeddable":true,"href":"https:\/\/archive.sana.sy\/tr\/index.php?rest_route=%2Fwp%2Fv2%2Ftags&post=92135"}],"curies":[{"name":"wp","href":"https:\/\/api.w.org\/{rel}","templated":true}]}}