{"id":92154,"date":"2016-10-22T09:16:25","date_gmt":"2016-10-22T06:16:25","guid":{"rendered":"http:\/\/www.sana.sy\/tr\/?p=92154"},"modified":"2016-10-22T13:43:48","modified_gmt":"2016-10-22T10:43:48","slug":"kunaytrada-ise-askeri-kaynak-ordu-birliklerimizin-hadar-beldesinin-guneybatisi-krum-el-kiske-bolgesinde-askeri-noktalara-saldiri-girisiminde-bulunan-israil-destekli-nusra-cephesinden-bir-tero","status":"publish","type":"post","link":"https:\/\/archive.sana.sy\/tr\/?p=92154","title":{"rendered":"Kunaytra\u2019da ise askeri kaynak ordu birliklerimizin Hadar Beldesinin g\u00fcneybat\u0131s\u0131 Kr\u00fcm el Ki\u015fke b\u00f6lgesinde askeri noktalara sald\u0131r\u0131 giri\u015fiminde bulunan \u0130srail destekli Nusra Cephesinden bir ter\u00f6r grubunun 15 ter\u00f6ristten ibaret t\u00fcm \u00fcyelerini ekipmanlar\u0131yla birlikte etkisiz hale getirdiklerini belirtti"},"content":{"rendered":"<p>Kunaytra\u2019da ise askeri kaynak ordu birliklerimizin Hadar Beldesinin g\u00fcneybat\u0131s\u0131 Kr\u00fcm el Ki\u015fke b\u00f6lgesinde askeri noktalara sald\u0131r\u0131 giri\u015fiminde bulunan \u0130srail destekli Nusra Cephesinden bir ter\u00f6r grubunun 15 ter\u00f6ristten ibaret t\u00fcm \u00fcyelerini ekipmanlar\u0131yla birlikte etkisiz hale getirdiklerini belirtti<\/p>\n","protected":false},"excerpt":{"rendered":"<p>Kunaytra\u2019da ise askeri kaynak ordu birliklerimizin Hadar Beldesinin g\u00fcneybat\u0131s\u0131 Kr\u00fcm el Ki\u015fke b\u00f6lgesinde askeri noktalara sald\u0131r\u0131 giri\u015fiminde bulunan \u0130srail destekli Nusra Cephesinden bir ter\u00f6r grubunun 15 ter\u00f6ristten ibaret t\u00fcm \u00fcyelerini ekipmanlar\u0131yla birlikte etkisiz hale getirdiklerini belirtti<\/p>\n","protected":false},"author":1,"featured_media":0,"comment_status":"closed","ping_status":"closed","sticky":false,"template":"","format":"standard","meta":{"footnotes":""},"categories":[17991],"tags":[],"class_list":["post-92154","post","type-post","status-publish","format-standard","","category-son-dakika"],"_links":{"self":[{"href":"https:\/\/archive.sana.sy\/tr\/index.php?rest_route=\/wp\/v2\/posts\/92154","targetHints":{"allow":["GET"]}}],"collection":[{"href":"https:\/\/archive.sana.sy\/tr\/index.php?rest_route=\/wp\/v2\/posts"}],"about":[{"href":"https:\/\/archive.sana.sy\/tr\/index.php?rest_route=\/wp\/v2\/types\/post"}],"author":[{"embeddable":true,"href":"https:\/\/archive.sana.sy\/tr\/index.php?rest_route=\/wp\/v2\/users\/1"}],"replies":[{"embeddable":true,"href":"https:\/\/archive.sana.sy\/tr\/index.php?rest_route=%2Fwp%2Fv2%2Fcomments&post=92154"}],"version-history":[{"count":0,"href":"https:\/\/archive.sana.sy\/tr\/index.php?rest_route=\/wp\/v2\/posts\/92154\/revisions"}],"wp:attachment":[{"href":"https:\/\/archive.sana.sy\/tr\/index.php?rest_route=%2Fwp%2Fv2%2Fmedia&parent=92154"}],"wp:term":[{"taxonomy":"category","embeddable":true,"href":"https:\/\/archive.sana.sy\/tr\/index.php?rest_route=%2Fwp%2Fv2%2Fcategories&post=92154"},{"taxonomy":"post_tag","embeddable":true,"href":"https:\/\/archive.sana.sy\/tr\/index.php?rest_route=%2Fwp%2Fv2%2Ftags&post=92154"}],"curies":[{"name":"wp","href":"https:\/\/api.w.org\/{rel}","templated":true}]}}