{"id":92278,"date":"2016-10-23T11:45:47","date_gmt":"2016-10-23T08:45:47","guid":{"rendered":"http:\/\/www.sana.sy\/tr\/?p=92278"},"modified":"2016-10-24T13:42:22","modified_gmt":"2016-10-24T10:42:22","slug":"isid-mayini-patladi","status":"publish","type":"post","link":"https:\/\/archive.sana.sy\/tr\/?p=92278","title":{"rendered":"I\u015e\u0130D May\u0131n\u0131 Patlad\u0131"},"content":{"rendered":"<p>HALEP \u2013 Halep k\u0131rsal\u0131n\u0131n kuzeyi Cariz K\u00f6y\u00fcnde I\u015e\u0130D\u2019li \u00e7etelerin ordu birliklerimiz taraf\u0131ndan bertaraf edilmelerinden \u00f6nce k\u00f6ye yerle\u015ftirdikleri bir kara may\u0131n\u0131 patlad\u0131.<\/p>\n<p>K\u00f6yde yerel kaynaklar SANA\u2019ya a\u00e7\u0131klamalar\u0131nda Ezaz B\u00f6lgesine d\u00fc\u015fen k\u00f6yde patlayan I\u015e\u0130D may\u0131n\u0131nda ayn\u0131 aileden 1 kad\u0131n\u0131n \u015fehit, 6 vatanda\u015f\u0131n da yaral\u0131 d\u00fc\u015ft\u00fcklerini kaydetti.<\/p>\n<p>Bu arada I\u015e\u0130D, Nusra Cephesi ve muhtelif isimler alt\u0131nda deh\u015fet sa\u00e7an ter\u00f6r \u00f6rg\u00fctleri, girdikleri her b\u00f6lgede tehcir ettikleri sivil vatanda\u015flar\u0131n ev ve di\u011fer m\u00fclklerine d\u00f6nmelerini engelleme amac\u0131yla bubi tuzaklar\u0131 yerle\u015ftiriyor.<\/p>\n","protected":false},"excerpt":{"rendered":"<p>HALEP \u2013 Halep k\u0131rsal\u0131n\u0131n kuzeyi Cariz K\u00f6y\u00fcnde I\u015e\u0130D\u2019li \u00e7etelerin ordu birliklerimiz taraf\u0131ndan bertaraf edilmelerinden \u00f6nce k\u00f6ye yerle\u015ftirdikleri bir kara may\u0131n\u0131 patlad\u0131. K\u00f6yde yerel kaynaklar SANA\u2019ya a\u00e7\u0131klamalar\u0131nda Ezaz B\u00f6lgesine d\u00fc\u015fen k\u00f6yde patlayan I\u015e\u0130D may\u0131n\u0131nda ayn\u0131 aileden 1 kad\u0131n\u0131n \u015fehit, 6 vatanda\u015f\u0131n da yaral\u0131 d\u00fc\u015ft\u00fcklerini kaydetti. Bu arada I\u015e\u0130D, Nusra Cephesi ve muhtelif isimler alt\u0131nda deh\u015fet sa\u00e7an &hellip;<\/p>\n","protected":false},"author":1,"featured_media":92281,"comment_status":"closed","ping_status":"closed","sticky":false,"template":"","format":"standard","meta":{"footnotes":""},"categories":[479,575,17988,478],"tags":[3464,2318,24822,24823,19677,18723,18347],"class_list":["post-92278","post","type-post","status-publish","format-standard","has-post-thumbnail","","category-haberler-yerel","category-olaylar-ve-gercekler","category-son-haberler","category-yerel","tag-nusra-cephesi","tag-isid","tag-isid-mayini-patladi","tag-kara-mayini","tag-mayin-patladi","tag-muhalifler","tag-oso"],"_links":{"self":[{"href":"https:\/\/archive.sana.sy\/tr\/index.php?rest_route=\/wp\/v2\/posts\/92278","targetHints":{"allow":["GET"]}}],"collection":[{"href":"https:\/\/archive.sana.sy\/tr\/index.php?rest_route=\/wp\/v2\/posts"}],"about":[{"href":"https:\/\/archive.sana.sy\/tr\/index.php?rest_route=\/wp\/v2\/types\/post"}],"author":[{"embeddable":true,"href":"https:\/\/archive.sana.sy\/tr\/index.php?rest_route=\/wp\/v2\/users\/1"}],"replies":[{"embeddable":true,"href":"https:\/\/archive.sana.sy\/tr\/index.php?rest_route=%2Fwp%2Fv2%2Fcomments&post=92278"}],"version-history":[{"count":0,"href":"https:\/\/archive.sana.sy\/tr\/index.php?rest_route=\/wp\/v2\/posts\/92278\/revisions"}],"wp:featuredmedia":[{"embeddable":true,"href":"https:\/\/archive.sana.sy\/tr\/index.php?rest_route=\/wp\/v2\/media\/92281"}],"wp:attachment":[{"href":"https:\/\/archive.sana.sy\/tr\/index.php?rest_route=%2Fwp%2Fv2%2Fmedia&parent=92278"}],"wp:term":[{"taxonomy":"category","embeddable":true,"href":"https:\/\/archive.sana.sy\/tr\/index.php?rest_route=%2Fwp%2Fv2%2Fcategories&post=92278"},{"taxonomy":"post_tag","embeddable":true,"href":"https:\/\/archive.sana.sy\/tr\/index.php?rest_route=%2Fwp%2Fv2%2Ftags&post=92278"}],"curies":[{"name":"wp","href":"https:\/\/api.w.org\/{rel}","templated":true}]}}