{"id":92530,"date":"2016-10-24T21:27:22","date_gmt":"2016-10-24T18:27:22","guid":{"rendered":"http:\/\/www.sana.sy\/tr\/?p=92530"},"modified":"2016-12-14T14:24:42","modified_gmt":"2016-12-14T12:24:42","slug":"bakanlar-yeniden-yapilanma-ve-onarim-calismalarini-inceledi-video","status":"publish","type":"post","link":"https:\/\/archive.sana.sy\/tr\/?p=92530","title":{"rendered":"Bakanlar Yeniden Yap\u0131lanma ve Onar\u0131m \u00c7al\u0131\u015fmalar\u0131n\u0131 \u0130nceledi (video)"},"content":{"rendered":"<p>\u015eAM KIRSALI \u2013 H\u00fck\u00fcmetin \u015eam k\u0131rsal\u0131n\u0131n g\u00fcneybat\u0131s\u0131nda yer alan Dareyya Kasabas\u0131nda altyap\u0131, kamu kurumlar\u0131 ve hizmet \u015febekelerinin onar\u0131l\u0131p yeniden yap\u0131land\u0131r\u0131lmas\u0131 y\u00f6nelimleri kapsam\u0131nda bug\u00fcn bakanlardan olu\u015fan bir heyet kasabaya saha gezisinde bulunarak incelemelerde bulundu.<\/p>\n<p>Bay\u0131nd\u0131rl\u0131k ve \u0130skan bakan\u0131 H\u00fcseyin Arnus, Sa\u011fl\u0131k Bakan\u0131 Nizar Yaz\u0131c\u0131, Yerel \u0130dare ve \u00c7evre Bakan\u0131 H\u00fcseyin Mahluf\u2019un yan\u0131 s\u0131ra \u015eam Valisi Bu\u015fr el Sabban ve \u015eam \u00c7evre Kent Valisi Ala \u0130brahim\u2019im yer ald\u0131klar\u0131 resmi heyet saha incelemelerinde bulunurlarken kasabadaki K\u00fclt\u00fcr Merkezi Binas\u0131nda bir toplant\u0131 d\u00fczenlediler. \u015eam ve \u015eam \u00c7evre Kent illerinde hizmet kurumlar\u0131 m\u00fcd\u00fcrlerinin kat\u0131ld\u0131klar\u0131 toplant\u0131da kasaban\u0131n yeni imar plan\u0131 g\u00f6zden ge\u00e7irildi. Toplant\u0131da onar\u0131m \u00e7al\u0131\u015fmalar\u0131 ve yeni imar plan\u0131n\u0131n hayata ge\u00e7irilmesini kolayla\u015ft\u0131rma amac\u0131yla \u015eam ve \u00c7evre Kent illerinden ortak bir \u00e7al\u0131\u015fma ekibinin olu\u015fturulmas\u0131 karar\u0131 al\u0131nd\u0131.<\/p>\n<p><a href=\"http:\/\/www.sana.sy\/tr\/wp-content\/uploads\/2016\/10\/2-46.jpg\"><img loading=\"lazy\" decoding=\"async\" class=\"alignright wp-image-92534 size-medium\" src=\"http:\/\/www.sana.sy\/tr\/wp-content\/uploads\/2016\/10\/2-46-300x168.jpg\" alt=\"2\" width=\"300\" height=\"168\" srcset=\"https:\/\/archive.sana.sy\/tr\/wp-content\/uploads\/2016\/10\/2-46-300x168.jpg 300w, https:\/\/archive.sana.sy\/tr\/wp-content\/uploads\/2016\/10\/2-46-150x84.jpg 150w, https:\/\/archive.sana.sy\/tr\/wp-content\/uploads\/2016\/10\/2-46-768x431.jpg 768w, https:\/\/archive.sana.sy\/tr\/wp-content\/uploads\/2016\/10\/2-46-1024x575.jpg 1024w\" sizes=\"auto, (max-width: 300px) 100vw, 300px\" \/><\/a>Kasabada altyap\u0131 ve hizmet kurumlar\u0131nda meydana gelen hasar\u0131n tespit edilmesi ard\u0131ndan onar\u0131m ve yeniden yap\u0131lanma \u00e7al\u0131\u015fmalar\u0131na en k\u0131sa s\u00fcre i\u00e7inde ba\u015flan\u0131laca\u011f\u0131n\u0131 belirten Yerel \u0130dare ve \u00c7evre Bakan\u0131 Mahluf; bunun i\u00e7in gerekli b\u00fct\u00e7enin tahsis edildi\u011fini kaydetti. Mahluf alanlara ayr\u0131lan kasabada onar\u0131m \u00e7al\u0131\u015fmalar\u0131n\u0131n a\u015famal\u0131 ve aral\u0131ks\u0131z bir \u015fekilde icra edilece\u011fini belirtti.<\/p>\n<p>Sa\u011fl\u0131k Bakan\u0131 Yaz\u0131c\u0131 ise kasabada sa\u011fl\u0131k kurumlar\u0131n\u0131n ter\u00f6r eylemleri nedeniyle g\u00f6rd\u00fc\u011f\u00fc hasar ve kasaba ihtiya\u00e7lar\u0131n\u0131n tespit edilmesi ard\u0131ndan gerekli b\u00fct\u00e7enin temin edilip \u00e7al\u0131\u015fmalara h\u0131zl\u0131 ve sistematik bir \u015fekilde ba\u015flan\u0131laca\u011f\u0131n\u0131 s\u00f6yledi.<\/p>\n<p>Bay\u0131nd\u0131rl\u0131k ve \u0130skan Bakan\u0131 Arnus onar\u0131m ve yeniden yap\u0131land\u0131rma \u00e7al\u0131\u015fmalar\u0131nda bakanl\u0131\u011f\u0131n ilgili t\u00fcm kurumlarla i\u015fbirli\u011fi i\u00e7inde olaca\u011f\u0131n\u0131 kaydetti.<\/p>\n<p>\u015eam \u00c7evre Kent Valisi \u0130brahim; kasaban\u0131n 66 say\u0131l\u0131 kararname kapsam\u0131nda yeniden yap\u0131land\u0131r\u0131laca\u011f\u0131n\u0131 ifade ederken, kamu \u015firketlerin en k\u0131sa s\u00fcre i\u00e7inde \u00e7al\u0131\u015fmalara ba\u015flayaca\u011f\u0131n\u0131 belirtti.<\/p>\n<p>\u015eam Valisi Sabban da Dareyya\u2019n\u0131n \u015eam\u2019a yak\u0131n olmas\u0131yla onar\u0131m \u00e7al\u0131\u015fmalar\u0131 ve idarede \u015eam ve \u015eam \u00c7evre Kent valilikleri aras\u0131nda koordinasyon ve i\u015fbirli\u011finin \u00f6nemine dikkat \u00e7ekti.<\/p>\n<p>https:\/\/www.youtube.com\/watch?v=JW-OZSyDwm4<\/p>\n","protected":false},"excerpt":{"rendered":"<p>\u015eAM KIRSALI \u2013 H\u00fck\u00fcmetin \u015eam k\u0131rsal\u0131n\u0131n g\u00fcneybat\u0131s\u0131nda yer alan Dareyya Kasabas\u0131nda altyap\u0131, kamu kurumlar\u0131 ve hizmet \u015febekelerinin onar\u0131l\u0131p yeniden yap\u0131land\u0131r\u0131lmas\u0131 y\u00f6nelimleri kapsam\u0131nda bug\u00fcn bakanlardan olu\u015fan bir heyet kasabaya saha gezisinde bulunarak incelemelerde bulundu. Bay\u0131nd\u0131rl\u0131k ve \u0130skan bakan\u0131 H\u00fcseyin Arnus, Sa\u011fl\u0131k Bakan\u0131 Nizar Yaz\u0131c\u0131, Yerel \u0130dare ve \u00c7evre Bakan\u0131 H\u00fcseyin Mahluf\u2019un yan\u0131 s\u0131ra \u015eam Valisi Bu\u015fr &hellip;<\/p>\n","protected":false},"author":1,"featured_media":92533,"comment_status":"closed","ping_status":"closed","sticky":false,"template":"","format":"standard","meta":{"footnotes":""},"categories":[479,17988,478],"tags":[5236,18869,24858,4121,24857],"class_list":["post-92530","post","type-post","status-publish","format-standard","has-post-thumbnail","","category-haberler-yerel","category-son-haberler","category-yerel","tag-dareyya","tag-hukumet-heyeti","tag-onarim-calismalari","tag-saglik-bakani","tag-yeniden-yapilandirma"],"_links":{"self":[{"href":"https:\/\/archive.sana.sy\/tr\/index.php?rest_route=\/wp\/v2\/posts\/92530","targetHints":{"allow":["GET"]}}],"collection":[{"href":"https:\/\/archive.sana.sy\/tr\/index.php?rest_route=\/wp\/v2\/posts"}],"about":[{"href":"https:\/\/archive.sana.sy\/tr\/index.php?rest_route=\/wp\/v2\/types\/post"}],"author":[{"embeddable":true,"href":"https:\/\/archive.sana.sy\/tr\/index.php?rest_route=\/wp\/v2\/users\/1"}],"replies":[{"embeddable":true,"href":"https:\/\/archive.sana.sy\/tr\/index.php?rest_route=%2Fwp%2Fv2%2Fcomments&post=92530"}],"version-history":[{"count":0,"href":"https:\/\/archive.sana.sy\/tr\/index.php?rest_route=\/wp\/v2\/posts\/92530\/revisions"}],"wp:featuredmedia":[{"embeddable":true,"href":"https:\/\/archive.sana.sy\/tr\/index.php?rest_route=\/wp\/v2\/media\/92533"}],"wp:attachment":[{"href":"https:\/\/archive.sana.sy\/tr\/index.php?rest_route=%2Fwp%2Fv2%2Fmedia&parent=92530"}],"wp:term":[{"taxonomy":"category","embeddable":true,"href":"https:\/\/archive.sana.sy\/tr\/index.php?rest_route=%2Fwp%2Fv2%2Fcategories&post=92530"},{"taxonomy":"post_tag","embeddable":true,"href":"https:\/\/archive.sana.sy\/tr\/index.php?rest_route=%2Fwp%2Fv2%2Ftags&post=92530"}],"curies":[{"name":"wp","href":"https:\/\/api.w.org\/{rel}","templated":true}]}}