{"id":92570,"date":"2016-10-25T14:56:34","date_gmt":"2016-10-25T11:56:34","guid":{"rendered":"http:\/\/www.sana.sy\/tr\/?p=92570"},"modified":"2016-10-26T16:06:29","modified_gmt":"2016-10-26T13:06:29","slug":"sivillere-yonelik-saldirilari-devam-ediyor","status":"publish","type":"post","link":"https:\/\/archive.sana.sy\/tr\/?p=92570","title":{"rendered":"Sivillere Y\u00f6nelik Sald\u0131r\u0131lar\u0131 Devam Ediyor"},"content":{"rendered":"<p>\u0130LLER \u2013 \u0130srail ve Erdo\u011fan rejimi gibi Suriye halk\u0131na d\u00fc\u015fmanlar\u0131n destekleyip y\u00f6nlendirdikleri ter\u00f6ristlerin bug\u00fcn sivillere sald\u0131r\u0131lar\u0131nda yine aralar\u0131nda \u00e7ocuk ve kad\u0131nlar\u0131n bulundu\u011fu bir\u00e7ok masum insan kurban gitti.<\/p>\n<p><span style=\"color: #0000ff\">KUNAYTRA:<\/span><\/p>\n<p>Kunaytra \u0130l Emniyet M\u00fcd\u00fcrl\u00fc\u011f\u00fcnde bir kaynak SANA\u2019ya a\u00e7\u0131klamas\u0131nda il k\u0131rsal\u0131n\u0131n Meshara Beldesinde bulunan ve \u0130srail\u2019den destek alan s\u00f6zde \u0131l\u0131ml\u0131 muhaliflerin bug\u00fcn \u00f6\u011flen saatlerinde Harfa Beldesini grad tipi 10\u2019dan fazla f\u00fczeyle hedef ald\u0131klar\u0131n\u0131 belirtti.<\/p>\n<p>Kaynak f\u00fczelerden birinin beldedeki sa\u011fl\u0131k merkezi civar\u0131nda d\u00fc\u015ft\u00fc\u011f\u00fcne dikkat \u00e7ekerken, biri kad\u0131n 2 ki\u015finin yaraland\u0131\u011f\u0131n\u0131, sivil evlerde de b\u00fcy\u00fck hasarlar\u0131n meydana geldi\u011fini kaydetti.<\/p>\n<p><span style=\"color: #0000ff\">\u0130DL\u0130B:<\/span><\/p>\n<p>Di\u011fer yandan \u0130dlib k\u0131rsal\u0131nda Erdo\u011fan rejimine tabi olan ve saflar\u0131nda y\u00fcksek say\u0131da yabanc\u0131 ter\u00f6risti bar\u0131nd\u0131ran \u2018Cey\u015ful \u0130slam\u2019 (Fetih Ordusu) adl\u0131 ter\u00f6ristler y\u0131llard\u0131r her t\u00fcrl\u00fc g\u0131da ve t\u0131bbi yard\u0131m\u0131 engelledikleri Kefrayya Beldesine a\u011f\u0131r makineli silahlarla ate\u015f a\u00e7t\u0131lar.<\/p>\n<p>Beldede yerel kaynaklar Maartamsarin Beldesinde bulunan s\u00f6z konusu radikal \u00e7etelerin makineli ve keskin ni\u015fanc\u0131 silahlar\u0131yla a\u00e7t\u0131klar\u0131 ate\u015f sonucunda aralar\u0131nda 2 \u00e7ocu\u011fun bulundu\u011fu 3 vatanda\u015f\u0131n yaraland\u0131klar\u0131n\u0131 belirtti.<\/p>\n","protected":false},"excerpt":{"rendered":"<p>\u0130LLER \u2013 \u0130srail ve Erdo\u011fan rejimi gibi Suriye halk\u0131na d\u00fc\u015fmanlar\u0131n destekleyip y\u00f6nlendirdikleri ter\u00f6ristlerin bug\u00fcn sivillere sald\u0131r\u0131lar\u0131nda yine aralar\u0131nda \u00e7ocuk ve kad\u0131nlar\u0131n bulundu\u011fu bir\u00e7ok masum insan kurban gitti. KUNAYTRA: Kunaytra \u0130l Emniyet M\u00fcd\u00fcrl\u00fc\u011f\u00fcnde bir kaynak SANA\u2019ya a\u00e7\u0131klamas\u0131nda il k\u0131rsal\u0131n\u0131n Meshara Beldesinde bulunan ve \u0130srail\u2019den destek alan s\u00f6zde \u0131l\u0131ml\u0131 muhaliflerin bug\u00fcn \u00f6\u011flen saatlerinde Harfa Beldesini grad tipi &hellip;<\/p>\n","protected":false},"author":1,"featured_media":92574,"comment_status":"closed","ping_status":"closed","sticky":false,"template":"","format":"standard","meta":{"footnotes":""},"categories":[479,575,17988,478],"tags":[3464,23799,18237,15787,17273,13459,15945,23433,18347,18674,19043,19034],"class_list":["post-92570","post","type-post","status-publish","format-standard","has-post-thumbnail","","category-haberler-yerel","category-olaylar-ve-gercekler","category-son-haberler","category-yerel","tag-nusra-cephesi","tag-ceysul-fetih","tag-cihatcilar","tag-fetih-ordusu","tag-havan-saldirisi","tag-islam-ordusu","tag-ilimli-muhalifler","tag-mutedil-muhalifler","tag-oso","tag-silahli-muhalifler","tag-suriyede-son-durum","tag-suriyeli-muhalifler"],"_links":{"self":[{"href":"https:\/\/archive.sana.sy\/tr\/index.php?rest_route=\/wp\/v2\/posts\/92570","targetHints":{"allow":["GET"]}}],"collection":[{"href":"https:\/\/archive.sana.sy\/tr\/index.php?rest_route=\/wp\/v2\/posts"}],"about":[{"href":"https:\/\/archive.sana.sy\/tr\/index.php?rest_route=\/wp\/v2\/types\/post"}],"author":[{"embeddable":true,"href":"https:\/\/archive.sana.sy\/tr\/index.php?rest_route=\/wp\/v2\/users\/1"}],"replies":[{"embeddable":true,"href":"https:\/\/archive.sana.sy\/tr\/index.php?rest_route=%2Fwp%2Fv2%2Fcomments&post=92570"}],"version-history":[{"count":0,"href":"https:\/\/archive.sana.sy\/tr\/index.php?rest_route=\/wp\/v2\/posts\/92570\/revisions"}],"wp:featuredmedia":[{"embeddable":true,"href":"https:\/\/archive.sana.sy\/tr\/index.php?rest_route=\/wp\/v2\/media\/92574"}],"wp:attachment":[{"href":"https:\/\/archive.sana.sy\/tr\/index.php?rest_route=%2Fwp%2Fv2%2Fmedia&parent=92570"}],"wp:term":[{"taxonomy":"category","embeddable":true,"href":"https:\/\/archive.sana.sy\/tr\/index.php?rest_route=%2Fwp%2Fv2%2Fcategories&post=92570"},{"taxonomy":"post_tag","embeddable":true,"href":"https:\/\/archive.sana.sy\/tr\/index.php?rest_route=%2Fwp%2Fv2%2Ftags&post=92570"}],"curies":[{"name":"wp","href":"https:\/\/api.w.org\/{rel}","templated":true}]}}