{"id":92639,"date":"2016-10-25T14:36:23","date_gmt":"2016-10-25T11:36:23","guid":{"rendered":"http:\/\/www.sana.sy\/tr\/?p=92639"},"modified":"2016-10-25T16:37:08","modified_gmt":"2016-10-25T13:37:08","slug":"kaynak-yasanan-deyrhabiye-beldesinin-guneybati-civarlarinda-han-el-siyh-ekseninden-saldiran-radikal-teroristlerle-siddetli-catismalarda-aralarinda-bariz-isimlerin-bulundugu-cok-sayida-teroristle-birli","status":"publish","type":"post","link":"https:\/\/archive.sana.sy\/tr\/?p=92639","title":{"rendered":"Kaynak ya\u015fanan Deyrhabiye Beldesinin g\u00fcneybat\u0131 civarlar\u0131nda Han el \u015eiyh ekseninden sald\u0131ran radikal ter\u00f6ristlerle \u015fiddetli \u00e7at\u0131\u015fmalarda aralar\u0131nda bariz isimlerin bulundu\u011fu \u00e7ok say\u0131da ter\u00f6ristle birlikte kulland\u0131klar\u0131 3 tank, 1 BMB ve a\u011f\u0131r makineli silahlarla donat\u0131lm\u0131\u015f 4X4 \u00e7eker 3 pikapla birlikte b\u00fcy\u00fck miktarda patlay\u0131c\u0131 ile haz\u0131rlanm\u0131\u015f bombal\u0131 bir arac\u0131n hedefe ula\u015fmadan \u00f6nce imha edildiklerini kaydetti"},"content":{"rendered":"<p>Kaynak ya\u015fanan Deyrhabiye Beldesinin g\u00fcneybat\u0131 civarlar\u0131nda Han el \u015eiyh ekseninden sald\u0131ran radikal ter\u00f6ristlerle \u015fiddetli \u00e7at\u0131\u015fmalarda aralar\u0131nda bariz isimlerin bulundu\u011fu \u00e7ok say\u0131da ter\u00f6ristle birlikte kulland\u0131klar\u0131 3 tank, 1 BMB ve a\u011f\u0131r makineli silahlarla donat\u0131lm\u0131\u015f 4X4 \u00e7eker 3 pikapla birlikte b\u00fcy\u00fck miktarda patlay\u0131c\u0131 ile haz\u0131rlanm\u0131\u015f bombal\u0131 bir arac\u0131n hedefe ula\u015fmadan \u00f6nce imha edildiklerini kaydetti<\/p>\n","protected":false},"excerpt":{"rendered":"<p>Kaynak ya\u015fanan Deyrhabiye Beldesinin g\u00fcneybat\u0131 civarlar\u0131nda Han el \u015eiyh ekseninden sald\u0131ran radikal ter\u00f6ristlerle \u015fiddetli \u00e7at\u0131\u015fmalarda aralar\u0131nda bariz isimlerin bulundu\u011fu \u00e7ok say\u0131da ter\u00f6ristle birlikte kulland\u0131klar\u0131 3 tank, 1 BMB ve a\u011f\u0131r makineli silahlarla donat\u0131lm\u0131\u015f 4X4 \u00e7eker 3 pikapla birlikte b\u00fcy\u00fck miktarda patlay\u0131c\u0131 ile haz\u0131rlanm\u0131\u015f bombal\u0131 bir arac\u0131n hedefe ula\u015fmadan \u00f6nce imha edildiklerini kaydetti<\/p>\n","protected":false},"author":1,"featured_media":0,"comment_status":"closed","ping_status":"closed","sticky":false,"template":"","format":"standard","meta":{"footnotes":""},"categories":[17991],"tags":[],"class_list":["post-92639","post","type-post","status-publish","format-standard","","category-son-dakika"],"_links":{"self":[{"href":"https:\/\/archive.sana.sy\/tr\/index.php?rest_route=\/wp\/v2\/posts\/92639","targetHints":{"allow":["GET"]}}],"collection":[{"href":"https:\/\/archive.sana.sy\/tr\/index.php?rest_route=\/wp\/v2\/posts"}],"about":[{"href":"https:\/\/archive.sana.sy\/tr\/index.php?rest_route=\/wp\/v2\/types\/post"}],"author":[{"embeddable":true,"href":"https:\/\/archive.sana.sy\/tr\/index.php?rest_route=\/wp\/v2\/users\/1"}],"replies":[{"embeddable":true,"href":"https:\/\/archive.sana.sy\/tr\/index.php?rest_route=%2Fwp%2Fv2%2Fcomments&post=92639"}],"version-history":[{"count":0,"href":"https:\/\/archive.sana.sy\/tr\/index.php?rest_route=\/wp\/v2\/posts\/92639\/revisions"}],"wp:attachment":[{"href":"https:\/\/archive.sana.sy\/tr\/index.php?rest_route=%2Fwp%2Fv2%2Fmedia&parent=92639"}],"wp:term":[{"taxonomy":"category","embeddable":true,"href":"https:\/\/archive.sana.sy\/tr\/index.php?rest_route=%2Fwp%2Fv2%2Fcategories&post=92639"},{"taxonomy":"post_tag","embeddable":true,"href":"https:\/\/archive.sana.sy\/tr\/index.php?rest_route=%2Fwp%2Fv2%2Ftags&post=92639"}],"curies":[{"name":"wp","href":"https:\/\/api.w.org\/{rel}","templated":true}]}}