{"id":92651,"date":"2016-10-25T17:21:38","date_gmt":"2016-10-25T14:21:38","guid":{"rendered":"http:\/\/www.sana.sy\/tr\/?p=92651"},"modified":"2016-10-26T16:08:11","modified_gmt":"2016-10-26T13:08:11","slug":"tarihi-miras-genc-ellerin-arasinda","status":"publish","type":"post","link":"https:\/\/archive.sana.sy\/tr\/?p=92651","title":{"rendered":"Tarihi Miras Gen\u00e7 Ellerin Aras\u0131nda"},"content":{"rendered":"<p>\u015eAM \u2013 E\u011fitim Bakanl\u0131\u011f\u0131 bug\u00fcn \u015eam, Homs, Hama, S\u00fcveyda, Haseke ve Halep illerinde e\u015f zamanl\u0131 olarak \u2018Tarihi Miras Gen\u00e7 Ellerin Aras\u0131nda\u2019 slogan\u0131 alt\u0131nda \u00e7al\u0131\u015ftaylar d\u00fczenledi.<\/p>\n<p>Tarih, ulusal e\u011fitim ve co\u011frafya derslerinde e\u011fitime destek ama\u00e7l\u0131 olarak 3 g\u00fcn s\u00fcreyle d\u00fczenlenen \u00e7al\u0131\u015ftay\u0131nda bakanl\u0131k \u00e7ocuklar\u0131n ve gen\u00e7lerin ulusal k\u00fclt\u00fcr ve tarih miras\u0131n\u0131 koruma bilin\u00e7lerini peki\u015ftirmeyi ama\u00e7l\u0131yor.<\/p>\n<p><a href=\"http:\/\/www.sana.sy\/tr\/wp-content\/uploads\/2016\/10\/2-49.jpg\"><img loading=\"lazy\" decoding=\"async\" class=\"alignright wp-image-92653 size-medium\" src=\"http:\/\/www.sana.sy\/tr\/wp-content\/uploads\/2016\/10\/2-49-300x200.jpg\" alt=\"2\" width=\"300\" height=\"200\" srcset=\"https:\/\/archive.sana.sy\/tr\/wp-content\/uploads\/2016\/10\/2-49-300x200.jpg 300w, https:\/\/archive.sana.sy\/tr\/wp-content\/uploads\/2016\/10\/2-49-150x100.jpg 150w, https:\/\/archive.sana.sy\/tr\/wp-content\/uploads\/2016\/10\/2-49-768x511.jpg 768w, https:\/\/archive.sana.sy\/tr\/wp-content\/uploads\/2016\/10\/2-49.jpg 1000w\" sizes=\"auto, (max-width: 300px) 100vw, 300px\" \/><\/a>BM UNESCO \u00d6rg\u00fct\u00fcn\u00fcn b\u00f6lge ofisi ile i\u015fbirli\u011fi i\u00e7inde organize edilen \u00e7al\u0131\u015ftayda d\u00fcnya miras\u0131 ile kimlik, turizm, \u00e7evre ve bar\u0131\u015f k\u00fclt\u00fcr\u00fc gibi konularla ili\u015fkisi, e\u011fitim \u2013 \u00f6\u011fretim ve \u00f6\u011frencilerin yeteneklerini muhtelif alanlarda geli\u015ftirmedeki yeri gibi bir dizi eksene odaklan\u0131l\u0131yor.<\/p>\n<p>\u00c7al\u0131\u015ftay\u0131n a\u00e7\u0131l\u0131\u015f\u0131nda konu\u015fan E\u011fitim Bakan\u0131 Hezvan el Vez; bir dizi kavram ve yetene\u011fi kapsayan e\u011fitim ger\u00e7e\u011fini kullanmalar\u0131na te\u015fvik a\u00e7\u0131s\u0131ndan \u00f6\u011fretmenleri de bilin\u00e7lendirme amac\u0131 ta\u015f\u0131d\u0131\u011f\u0131n\u0131 belirtti. Bakan Vez gen\u00e7lerin kendi miraslar\u0131n\u0131, k\u00fclt\u00fcrlerini ve medeniyetlerini koruma bilin\u00e7lerini peki\u015ftirme a\u00e7\u0131s\u0131ndan da \u00e7al\u0131\u015ftay\u0131n katk\u0131 ve \u00f6nemine dikkat \u00e7ekti.<\/p>\n<p>UNESCO B\u00f6lge Temsilcisi Jozeph Kreyzi ise d\u00fcnya miras\u0131n\u0131 koruma kavram\u0131 ve bilincinin d\u00fcnya genelinde e\u011fitim programlar\u0131na dahil edilmesi gere\u011finin alt\u0131n\u0131 \u00e7izdi.<\/p>\n<p>Kreyzi Suriye&#8217;nin sahip oldu\u011fu tarihi miras\u0131n \u00f6nemine vurgu yaparken, Suriye&#8217;de d\u00fcnya miras\u0131n\u0131n mutlaka korunmas\u0131 \u00f6nemini ifade etti.<\/p>\n","protected":false},"excerpt":{"rendered":"<p>\u015eAM \u2013 E\u011fitim Bakanl\u0131\u011f\u0131 bug\u00fcn \u015eam, Homs, Hama, S\u00fcveyda, Haseke ve Halep illerinde e\u015f zamanl\u0131 olarak \u2018Tarihi Miras Gen\u00e7 Ellerin Aras\u0131nda\u2019 slogan\u0131 alt\u0131nda \u00e7al\u0131\u015ftaylar d\u00fczenledi. Tarih, ulusal e\u011fitim ve co\u011frafya derslerinde e\u011fitime destek ama\u00e7l\u0131 olarak 3 g\u00fcn s\u00fcreyle d\u00fczenlenen \u00e7al\u0131\u015ftay\u0131nda bakanl\u0131k \u00e7ocuklar\u0131n ve gen\u00e7lerin ulusal k\u00fclt\u00fcr ve tarih miras\u0131n\u0131 koruma bilin\u00e7lerini peki\u015ftirmeyi ama\u00e7l\u0131yor. BM UNESCO &hellip;<\/p>\n","protected":false},"author":1,"featured_media":92652,"comment_status":"closed","ping_status":"closed","sticky":false,"template":"","format":"standard","meta":{"footnotes":""},"categories":[479,516,511,17988,478],"tags":[19663,24887,18407,22201,24279,24888,24886],"class_list":["post-92651","post","type-post","status-publish","format-standard","has-post-thumbnail","","category-haberler-yerel","category-haberler-kultur-ve-sanat","category-kultur-ve-sanat","category-son-haberler","category-yerel","tag-calistay","tag-dunya-mirasi","tag-egitim-bakanligi","tag-hezvan-el-vez","tag-kulturel-miras","tag-mirasi-koruma-bilinci","tag-tarihi-miras-genc-ellerin-arasinda"],"_links":{"self":[{"href":"https:\/\/archive.sana.sy\/tr\/index.php?rest_route=\/wp\/v2\/posts\/92651","targetHints":{"allow":["GET"]}}],"collection":[{"href":"https:\/\/archive.sana.sy\/tr\/index.php?rest_route=\/wp\/v2\/posts"}],"about":[{"href":"https:\/\/archive.sana.sy\/tr\/index.php?rest_route=\/wp\/v2\/types\/post"}],"author":[{"embeddable":true,"href":"https:\/\/archive.sana.sy\/tr\/index.php?rest_route=\/wp\/v2\/users\/1"}],"replies":[{"embeddable":true,"href":"https:\/\/archive.sana.sy\/tr\/index.php?rest_route=%2Fwp%2Fv2%2Fcomments&post=92651"}],"version-history":[{"count":0,"href":"https:\/\/archive.sana.sy\/tr\/index.php?rest_route=\/wp\/v2\/posts\/92651\/revisions"}],"wp:featuredmedia":[{"embeddable":true,"href":"https:\/\/archive.sana.sy\/tr\/index.php?rest_route=\/wp\/v2\/media\/92652"}],"wp:attachment":[{"href":"https:\/\/archive.sana.sy\/tr\/index.php?rest_route=%2Fwp%2Fv2%2Fmedia&parent=92651"}],"wp:term":[{"taxonomy":"category","embeddable":true,"href":"https:\/\/archive.sana.sy\/tr\/index.php?rest_route=%2Fwp%2Fv2%2Fcategories&post=92651"},{"taxonomy":"post_tag","embeddable":true,"href":"https:\/\/archive.sana.sy\/tr\/index.php?rest_route=%2Fwp%2Fv2%2Ftags&post=92651"}],"curies":[{"name":"wp","href":"https:\/\/api.w.org\/{rel}","templated":true}]}}