{"id":92660,"date":"2016-10-25T21:30:56","date_gmt":"2016-10-25T18:30:56","guid":{"rendered":"http:\/\/www.sana.sy\/tr\/?p=92660"},"modified":"2016-10-28T15:38:48","modified_gmt":"2016-10-28T13:38:48","slug":"silah-ve-cephane-yuklu-2-arac-yakalandi","status":"publish","type":"post","link":"https:\/\/archive.sana.sy\/tr\/?p=92660","title":{"rendered":"Silah ve Cephane Y\u00fckl\u00fc 2 Ara\u00e7 Yakaland\u0131"},"content":{"rendered":"<p>\u015eAM KIRSALI \u2013 G\u00fcvenlik birimleri \u015eam k\u0131rsal\u0131 Kalemun B\u00f6lgesindeki ter\u00f6ristlere aktar\u0131lmak \u00fczere silah ve cephane y\u00fckl\u00fc iki ara\u00e7 yakalad\u0131.<\/p>\n<p>SANA muhabiri g\u00fcvenlik birimlerinin takip operasyonu sonucunda biri pikap tipi, di\u011feri de seyahat arac\u0131 olmak \u00fczere 2 arac\u0131 \u00e7evirip tefti\u015fe ald\u0131klar\u0131n\u0131 aktard\u0131. Muhabir tefti\u015fte iki arac\u0131n zulalar\u0131na sakl\u0131 olarak muhtelif t\u00fcr silah ve m\u00fchimmat bulundu\u011funu ifade ederken ara\u00e7larda bulunan ter\u00f6ristlerin de tutukland\u0131klar\u0131n\u0131 kaydetti.<\/p>\n","protected":false},"excerpt":{"rendered":"<p>\u015eAM KIRSALI \u2013 G\u00fcvenlik birimleri \u015eam k\u0131rsal\u0131 Kalemun B\u00f6lgesindeki ter\u00f6ristlere aktar\u0131lmak \u00fczere silah ve cephane y\u00fckl\u00fc iki ara\u00e7 yakalad\u0131. SANA muhabiri g\u00fcvenlik birimlerinin takip operasyonu sonucunda biri pikap tipi, di\u011feri de seyahat arac\u0131 olmak \u00fczere 2 arac\u0131 \u00e7evirip tefti\u015fe ald\u0131klar\u0131n\u0131 aktard\u0131. Muhabir tefti\u015fte iki arac\u0131n zulalar\u0131na sakl\u0131 olarak muhtelif t\u00fcr silah ve m\u00fchimmat bulundu\u011funu ifade &hellip;<\/p>\n","protected":false},"author":1,"featured_media":92661,"comment_status":"closed","ping_status":"closed","sticky":false,"template":"","format":"standard","meta":{"footnotes":""},"categories":[575,17988],"tags":[2318,15945,24890,24889,22182,2442,7657],"class_list":["post-92660","post","type-post","status-publish","format-standard","has-post-thumbnail","","category-olaylar-ve-gercekler","category-son-haberler","tag-isid","tag-ilimli-muhalifler","tag-sam-kirsali-kalemun-bolgesi","tag-silah-ve-cephane-yuklu-2-arac-yakalandi","tag-suriyede-savas","tag-teror","tag-teror-orgutleri"],"_links":{"self":[{"href":"https:\/\/archive.sana.sy\/tr\/index.php?rest_route=\/wp\/v2\/posts\/92660","targetHints":{"allow":["GET"]}}],"collection":[{"href":"https:\/\/archive.sana.sy\/tr\/index.php?rest_route=\/wp\/v2\/posts"}],"about":[{"href":"https:\/\/archive.sana.sy\/tr\/index.php?rest_route=\/wp\/v2\/types\/post"}],"author":[{"embeddable":true,"href":"https:\/\/archive.sana.sy\/tr\/index.php?rest_route=\/wp\/v2\/users\/1"}],"replies":[{"embeddable":true,"href":"https:\/\/archive.sana.sy\/tr\/index.php?rest_route=%2Fwp%2Fv2%2Fcomments&post=92660"}],"version-history":[{"count":0,"href":"https:\/\/archive.sana.sy\/tr\/index.php?rest_route=\/wp\/v2\/posts\/92660\/revisions"}],"wp:featuredmedia":[{"embeddable":true,"href":"https:\/\/archive.sana.sy\/tr\/index.php?rest_route=\/wp\/v2\/media\/92661"}],"wp:attachment":[{"href":"https:\/\/archive.sana.sy\/tr\/index.php?rest_route=%2Fwp%2Fv2%2Fmedia&parent=92660"}],"wp:term":[{"taxonomy":"category","embeddable":true,"href":"https:\/\/archive.sana.sy\/tr\/index.php?rest_route=%2Fwp%2Fv2%2Fcategories&post=92660"},{"taxonomy":"post_tag","embeddable":true,"href":"https:\/\/archive.sana.sy\/tr\/index.php?rest_route=%2Fwp%2Fv2%2Ftags&post=92660"}],"curies":[{"name":"wp","href":"https:\/\/api.w.org\/{rel}","templated":true}]}}