{"id":92665,"date":"2016-10-26T09:30:36","date_gmt":"2016-10-26T06:30:36","guid":{"rendered":"http:\/\/www.sana.sy\/tr\/?p=92665"},"modified":"2016-10-27T11:29:19","modified_gmt":"2016-10-27T08:29:19","slug":"devlet-genel-butcesi-kanun-tasarisi-meclise-sevk-edildi","status":"publish","type":"post","link":"https:\/\/archive.sana.sy\/tr\/?p=92665","title":{"rendered":"Devlet Genel B\u00fct\u00e7esi Kanun Tasar\u0131s\u0131 Meclise Sevk Edildi"},"content":{"rendered":"<p>\u015eAM \u2013 Cumhurba\u015fkan\u0131 Be\u015f\u015far el Esad 2017 devlet genel b\u00fct\u00e7esi kanun tasar\u0131s\u0131n\u0131 mecliste tart\u0131\u015f\u0131l\u0131p karara ba\u011flanmas\u0131 \u00fczerine Halk Meclisi ba\u015fkan\u0131na sevk etti.<\/p>\n<p>H\u00fck\u00fcmet s\u00f6z konusu kanun tars\u0131s\u0131n\u0131 cari ve yat\u0131r\u0131m \u015f\u0131klar\u0131yla bu ay\u0131n 4\u2019\u00fcnde d\u00fczenledi\u011fi oturumda g\u00fcndemine getirip onaylam\u0131\u015ft\u0131. Karar tasar\u0131s\u0131nda 2017 devlet genel b\u00fct\u00e7esi 1982 milyar\u0131 cari harcamalar, 678 milyar\u0131 yat\u0131r\u0131m, 423 milyar\u0131 da sosyal destek i\u00e7in olmak \u00fczere 2660 milyar lira olarak belirlenmi\u015fti.<\/p>\n","protected":false},"excerpt":{"rendered":"<p>\u015eAM \u2013 Cumhurba\u015fkan\u0131 Be\u015f\u015far el Esad 2017 devlet genel b\u00fct\u00e7esi kanun tasar\u0131s\u0131n\u0131 mecliste tart\u0131\u015f\u0131l\u0131p karara ba\u011flanmas\u0131 \u00fczerine Halk Meclisi ba\u015fkan\u0131na sevk etti. H\u00fck\u00fcmet s\u00f6z konusu kanun tars\u0131s\u0131n\u0131 cari ve yat\u0131r\u0131m \u015f\u0131klar\u0131yla bu ay\u0131n 4\u2019\u00fcnde d\u00fczenledi\u011fi oturumda g\u00fcndemine getirip onaylam\u0131\u015ft\u0131. Karar tasar\u0131s\u0131nda 2017 devlet genel b\u00fct\u00e7esi 1982 milyar\u0131 cari harcamalar, 678 milyar\u0131 yat\u0131r\u0131m, 423 milyar\u0131 da &hellip;<\/p>\n","protected":false},"author":1,"featured_media":92666,"comment_status":"closed","ping_status":"closed","sticky":false,"template":"","format":"standard","meta":{"footnotes":""},"categories":[485,486,605,17988,612],"tags":[16402,24892,24891,24893,24182,24532],"class_list":["post-92665","post","type-post","status-publish","format-standard","has-post-thumbnail","","category-is-ve-sermaye","category-haberler-is-ve-sermaye","category-sayin-cumhurbaskani","category-son-haberler","category-yasama-kararnameler","tag-cumhurbaskani-bessar-el-esad","tag-cumhurbaskani-bessar-el-esed","tag-devlet-genel-butcesi-kanun-tasarisi-meclise-sevk-edildi","tag-suriye-2017-devlet-genel-butcesi","tag-suriyede-ekonomi","tag-suriyede-ekonomi-durumu"],"_links":{"self":[{"href":"https:\/\/archive.sana.sy\/tr\/index.php?rest_route=\/wp\/v2\/posts\/92665","targetHints":{"allow":["GET"]}}],"collection":[{"href":"https:\/\/archive.sana.sy\/tr\/index.php?rest_route=\/wp\/v2\/posts"}],"about":[{"href":"https:\/\/archive.sana.sy\/tr\/index.php?rest_route=\/wp\/v2\/types\/post"}],"author":[{"embeddable":true,"href":"https:\/\/archive.sana.sy\/tr\/index.php?rest_route=\/wp\/v2\/users\/1"}],"replies":[{"embeddable":true,"href":"https:\/\/archive.sana.sy\/tr\/index.php?rest_route=%2Fwp%2Fv2%2Fcomments&post=92665"}],"version-history":[{"count":0,"href":"https:\/\/archive.sana.sy\/tr\/index.php?rest_route=\/wp\/v2\/posts\/92665\/revisions"}],"wp:featuredmedia":[{"embeddable":true,"href":"https:\/\/archive.sana.sy\/tr\/index.php?rest_route=\/wp\/v2\/media\/92666"}],"wp:attachment":[{"href":"https:\/\/archive.sana.sy\/tr\/index.php?rest_route=%2Fwp%2Fv2%2Fmedia&parent=92665"}],"wp:term":[{"taxonomy":"category","embeddable":true,"href":"https:\/\/archive.sana.sy\/tr\/index.php?rest_route=%2Fwp%2Fv2%2Fcategories&post=92665"},{"taxonomy":"post_tag","embeddable":true,"href":"https:\/\/archive.sana.sy\/tr\/index.php?rest_route=%2Fwp%2Fv2%2Ftags&post=92665"}],"curies":[{"name":"wp","href":"https:\/\/api.w.org\/{rel}","templated":true}]}}