{"id":92667,"date":"2016-10-26T09:00:26","date_gmt":"2016-10-26T06:00:26","guid":{"rendered":"http:\/\/www.sana.sy\/tr\/?p=92667"},"modified":"2016-10-28T15:38:45","modified_gmt":"2016-10-28T13:38:45","slug":"suriyede-siyasi-cozume-odaklanilmalidir","status":"publish","type":"post","link":"https:\/\/archive.sana.sy\/tr\/?p=92667","title":{"rendered":"Suriye&#8217;de Siyasi \u00c7\u00f6z\u00fcme Odaklan\u0131lmal\u0131d\u0131r"},"content":{"rendered":"<p>PRAG \u2013 NATO Askeri Komitesi Ba\u015fkan\u0131 General Peter Pavel Suriye&#8217;deki krize; kanun d\u0131\u015f\u0131nda bulunmayan ve ter\u00f6r \u00f6rg\u00fctlere bula\u015fmayan t\u00fcm taraflar\u0131n kat\u0131l\u0131m\u0131yla siyasi \u00e7\u00f6z\u00fcm sa\u011flama \u00fczerine yo\u011funla\u015fma gere\u011finin alt\u0131n\u0131 \u00e7izdi.<\/p>\n<p>General Pavel bug\u00fcn yapt\u0131\u011f\u0131 ve \u00c7ekli Respekt Dergisinin web sitesinde yay\u0131nlanan a\u00e7\u0131klamalar\u0131nda Suriye&#8217;de kanunsuz i\u015flere ya da ter\u00f6r \u00f6rg\u00fctleri olarak s\u0131n\u0131fland\u0131r\u0131lan olu\u015fumlara bula\u015fmayan t\u00fcm taraflar\u0131n kat\u0131l\u0131m\u0131yla siyasi \u00e7\u00f6z\u00fcme odaklan\u0131lmas\u0131 gerekti\u011fini vurgulad\u0131. \u0130nsani yard\u0131mlar\u0131n t\u00fcm b\u00f6lgelere ula\u015ft\u0131r\u0131lmas\u0131 gere\u011fini de ifade eden Pavel, I\u015e\u0130D\u2019e kar\u015f\u0131 al\u0131nan icraatlara katk\u0131 sa\u011flanmas\u0131 \u00f6nemini kaydetti.<\/p>\n<p>General Pavel Suriye&#8217;de \u00e7\u00f6z\u00fcm\u00fcn ABD ya da NATO\u2019nun Suriye ordusu ile askeri sava\u015fa girmesiyle m\u00fcmk\u00fcn olmad\u0131\u011f\u0131n\u0131n alt\u0131n\u0131 \u00e7izdi. Bunun Rusya ile askeri sava\u015fa girme anlam\u0131na geldi\u011fini belirten General Pavel, b\u00f6yle bir durumun ne krizin \u00e7\u00f6z\u00fcm\u00fcne ne de sivillerin g\u00fcvenli\u011fini temin etmeye katk\u0131s\u0131 olmayaca\u011f\u0131n\u0131 vurgulad\u0131.<\/p>\n<p>NATO\u2019nun askeri komitesi ba\u015fkan\u0131 General Pavel, Libya ve Irak deneyiminden sonra ne NATO ne de ABD\u2019nin Suriye&#8217;de herhangi bir askeri operasyona e\u011filimli olmad\u0131klar\u0131n\u0131 varsayd\u0131.<\/p>\n<p>\u00c7ek Cumhuriyetinin \u015eam B\u00fcy\u00fckel\u00e7ili\u011finin gayet \u00f6nemli bir rol \u00fcstlendi\u011fini ifade eden Pavel; bu rol\u00fcn ABD ve \u00c7ek a\u00e7\u0131s\u0131ndan \u00f6nemli olmas\u0131yla devam etmesi gerekti\u011fini kaydetti.<\/p>\n","protected":false},"excerpt":{"rendered":"<p>PRAG \u2013 NATO Askeri Komitesi Ba\u015fkan\u0131 General Peter Pavel Suriye&#8217;deki krize; kanun d\u0131\u015f\u0131nda bulunmayan ve ter\u00f6r \u00f6rg\u00fctlere bula\u015fmayan t\u00fcm taraflar\u0131n kat\u0131l\u0131m\u0131yla siyasi \u00e7\u00f6z\u00fcm sa\u011flama \u00fczerine yo\u011funla\u015fma gere\u011finin alt\u0131n\u0131 \u00e7izdi. General Pavel bug\u00fcn yapt\u0131\u011f\u0131 ve \u00c7ekli Respekt Dergisinin web sitesinde yay\u0131nlanan a\u00e7\u0131klamalar\u0131nda Suriye&#8217;de kanunsuz i\u015flere ya da ter\u00f6r \u00f6rg\u00fctleri olarak s\u0131n\u0131fland\u0131r\u0131lan olu\u015fumlara bula\u015fmayan t\u00fcm taraflar\u0131n kat\u0131l\u0131m\u0131yla &hellip;<\/p>\n","protected":false},"author":1,"featured_media":92669,"comment_status":"closed","ping_status":"closed","sticky":false,"template":"","format":"standard","meta":{"footnotes":""},"categories":[458,459,17988],"tags":[24896,17877,24895,10972,24894,22182],"class_list":["post-92667","post","type-post","status-publish","format-standard","has-post-thumbnail","","category-dunya1","category-haberler-arap-uluslararasi-politika","category-son-haberler","tag-cek-cumhuriyeti","tag-nato","tag-nato-askeri-komitesi-baskani-general-peter-pavel","tag-siyasi-cozum","tag-suriyede-siyasi-cozume-odaklanilmalidir","tag-suriyede-savas"],"_links":{"self":[{"href":"https:\/\/archive.sana.sy\/tr\/index.php?rest_route=\/wp\/v2\/posts\/92667","targetHints":{"allow":["GET"]}}],"collection":[{"href":"https:\/\/archive.sana.sy\/tr\/index.php?rest_route=\/wp\/v2\/posts"}],"about":[{"href":"https:\/\/archive.sana.sy\/tr\/index.php?rest_route=\/wp\/v2\/types\/post"}],"author":[{"embeddable":true,"href":"https:\/\/archive.sana.sy\/tr\/index.php?rest_route=\/wp\/v2\/users\/1"}],"replies":[{"embeddable":true,"href":"https:\/\/archive.sana.sy\/tr\/index.php?rest_route=%2Fwp%2Fv2%2Fcomments&post=92667"}],"version-history":[{"count":0,"href":"https:\/\/archive.sana.sy\/tr\/index.php?rest_route=\/wp\/v2\/posts\/92667\/revisions"}],"wp:featuredmedia":[{"embeddable":true,"href":"https:\/\/archive.sana.sy\/tr\/index.php?rest_route=\/wp\/v2\/media\/92669"}],"wp:attachment":[{"href":"https:\/\/archive.sana.sy\/tr\/index.php?rest_route=%2Fwp%2Fv2%2Fmedia&parent=92667"}],"wp:term":[{"taxonomy":"category","embeddable":true,"href":"https:\/\/archive.sana.sy\/tr\/index.php?rest_route=%2Fwp%2Fv2%2Fcategories&post=92667"},{"taxonomy":"post_tag","embeddable":true,"href":"https:\/\/archive.sana.sy\/tr\/index.php?rest_route=%2Fwp%2Fv2%2Ftags&post=92667"}],"curies":[{"name":"wp","href":"https:\/\/api.w.org\/{rel}","templated":true}]}}