{"id":92679,"date":"2016-10-26T14:00:11","date_gmt":"2016-10-26T11:00:11","guid":{"rendered":"http:\/\/www.sana.sy\/tr\/?p=92679"},"modified":"2016-10-28T15:37:36","modified_gmt":"2016-10-28T13:37:36","slug":"askeri-siyasi-ve-insani-durumlar-masaya-yatirilacak","status":"publish","type":"post","link":"https:\/\/archive.sana.sy\/tr\/?p=92679","title":{"rendered":"Askeri Siyasi ve \u0130nsani Durumlar Masaya Yat\u0131r\u0131lacak"},"content":{"rendered":"<p>MOSKOVA \u2013 Rusya D\u0131\u015fi\u015fleri Bakanl\u0131\u011f\u0131; Ba\u015fbakan Yard\u0131mc\u0131s\u0131 D\u0131\u015fi\u015fleri ve Gurbet\u00e7iler Bakan\u0131 Velid el Muallim\u2019in \u00f6n\u00fcm\u00fczdeki Cumartesi g\u00fcn\u00fc Moskova&#8217;ya bulunaca\u011f\u0131 ziyarette Halep\u2019teki son geli\u015fmeler dahil Suriye&#8217;de insani, askeri ve siyasi durumlar\u0131n masaya yat\u0131r\u0131laca\u011f\u0131n\u0131 a\u00e7\u0131klad\u0131.<\/p>\n<p>Rus bakanl\u0131k bug\u00fcn yay\u0131nlad\u0131\u011f\u0131 b\u00fcltende Muallim\u2019in Rus yetkililerle temaslar\u0131nda Suriye ordusu ve Rus g\u00fc\u00e7lerin I\u015e\u0130D ve Nusra Cephesine kar\u015f\u0131 sava\u015flar\u0131na ilaveten sivillere insani yard\u0131mlar\u0131n temini gibi konular\u0131 g\u00fcndeme alaca\u011f\u0131n\u0131 kaydetti.<\/p>\n<p>B\u00fcltende Muallim\u2019in, Lavrov\u2019un resmi daveti \u00fczerine Cuma ak\u015fam\u0131 Moskova&#8217;ya ula\u015faca\u011f\u0131n\u0131, Pazar g\u00fcn\u00fcne dek s\u00fcrecek ziyaretinde bir dizi g\u00f6r\u00fc\u015fmede bulunaca\u011f\u0131n\u0131 a\u00e7\u0131klad\u0131.<\/p>\n<p>Suriye&#8217;nin Ortado\u011fu ve Kuzey Afrika&#8217;da Rusya&#8217;n\u0131n temel partnerlerinden biri oldu\u011funun alt\u0131n\u0131 \u00e7izen Rus bakanl\u0131k; Moskova\u2019n\u0131n Suriye konusunda uluslar aras\u0131 kararlarla uyumlu sabit ve de\u011fi\u015fmez tutumunun bir kez daha alt\u0131n\u0131 \u00e7izdi.<\/p>\n","protected":false},"excerpt":{"rendered":"<p>MOSKOVA \u2013 Rusya D\u0131\u015fi\u015fleri Bakanl\u0131\u011f\u0131; Ba\u015fbakan Yard\u0131mc\u0131s\u0131 D\u0131\u015fi\u015fleri ve Gurbet\u00e7iler Bakan\u0131 Velid el Muallim\u2019in \u00f6n\u00fcm\u00fczdeki Cumartesi g\u00fcn\u00fc Moskova&#8217;ya bulunaca\u011f\u0131 ziyarette Halep\u2019teki son geli\u015fmeler dahil Suriye&#8217;de insani, askeri ve siyasi durumlar\u0131n masaya yat\u0131r\u0131laca\u011f\u0131n\u0131 a\u00e7\u0131klad\u0131. Rus bakanl\u0131k bug\u00fcn yay\u0131nlad\u0131\u011f\u0131 b\u00fcltende Muallim\u2019in Rus yetkililerle temaslar\u0131nda Suriye ordusu ve Rus g\u00fc\u00e7lerin I\u015e\u0130D ve Nusra Cephesine kar\u015f\u0131 sava\u015flar\u0131na ilaveten sivillere &hellip;<\/p>\n","protected":false},"author":1,"featured_media":89261,"comment_status":"closed","ping_status":"closed","sticky":false,"template":"","format":"standard","meta":{"footnotes":""},"categories":[458,459,17988],"tags":[24899,19199,23868,17146,20151,3846,17051],"class_list":["post-92679","post","type-post","status-publish","format-standard","has-post-thumbnail","","category-dunya1","category-haberler-arap-uluslararasi-politika","category-son-haberler","tag-askeri-siyasi-ve-insani-durumlar-masaya-yatirilacak","tag-disisleri-bakani","tag-moskova-ziyareti","tag-rusya-disisleri-bakanligi","tag-rusya-ve-suriye","tag-sergey-lavrov","tag-velid-muallim"],"_links":{"self":[{"href":"https:\/\/archive.sana.sy\/tr\/index.php?rest_route=\/wp\/v2\/posts\/92679","targetHints":{"allow":["GET"]}}],"collection":[{"href":"https:\/\/archive.sana.sy\/tr\/index.php?rest_route=\/wp\/v2\/posts"}],"about":[{"href":"https:\/\/archive.sana.sy\/tr\/index.php?rest_route=\/wp\/v2\/types\/post"}],"author":[{"embeddable":true,"href":"https:\/\/archive.sana.sy\/tr\/index.php?rest_route=\/wp\/v2\/users\/1"}],"replies":[{"embeddable":true,"href":"https:\/\/archive.sana.sy\/tr\/index.php?rest_route=%2Fwp%2Fv2%2Fcomments&post=92679"}],"version-history":[{"count":0,"href":"https:\/\/archive.sana.sy\/tr\/index.php?rest_route=\/wp\/v2\/posts\/92679\/revisions"}],"wp:featuredmedia":[{"embeddable":true,"href":"https:\/\/archive.sana.sy\/tr\/index.php?rest_route=\/wp\/v2\/media\/89261"}],"wp:attachment":[{"href":"https:\/\/archive.sana.sy\/tr\/index.php?rest_route=%2Fwp%2Fv2%2Fmedia&parent=92679"}],"wp:term":[{"taxonomy":"category","embeddable":true,"href":"https:\/\/archive.sana.sy\/tr\/index.php?rest_route=%2Fwp%2Fv2%2Fcategories&post=92679"},{"taxonomy":"post_tag","embeddable":true,"href":"https:\/\/archive.sana.sy\/tr\/index.php?rest_route=%2Fwp%2Fv2%2Ftags&post=92679"}],"curies":[{"name":"wp","href":"https:\/\/api.w.org\/{rel}","templated":true}]}}